{"id":660,"date":"2023-07-27T18:53:21","date_gmt":"2023-07-27T18:53:21","guid":{"rendered":"https:\/\/senioridag.se\/?p=660"},"modified":"2023-07-28T16:00:00","modified_gmt":"2023-07-28T16:00:00","slug":"trosas-historia","status":"publish","type":"post","link":"https:\/\/senioridag.se\/sv_se\/trosas-historia\/","title":{"rendered":"Trosas historia &#8211; 30 historiska fakta"},"content":{"rendered":"\n<p>Trosas historia i Sverige str\u00e4cker sig tillbaka till vikingatiden och stadens officiella grundande skedde p\u00e5 1300-talet n\u00e4r kung Magnus Ladul\u00e5s gav stadsr\u00e4ttigheter. Under medeltiden var Trosa en blomstrande handelsplats och medlem i det m\u00e4ktiga handelsf\u00f6rbundet Hansan.<\/p>\n\n\n\n<!--more-->\n\n\n\n<h2 class=\"wp-block-heading\">Trosas historia<\/h2>\n\n\n\n<p>Trosa \u00e4r bel\u00e4get i S\u00f6dermanlands l\u00e4n, i den \u00f6stra delen av Sverige. Staden \u00e4r en del av Trosa kommun och ligger vid kusten vid Trosa\u00e5n, som mynnar ut i \u00d6stersj\u00f6n. Trosa \u00e4r omgivet av en natursk\u00f6n milj\u00f6 med n\u00e4rhet till b\u00e5de sk\u00e4rg\u00e5rd och vacker natur, vilket bidrar till dess popularitet som turistm\u00e5l.<\/p>\n\n\n\n<figure class=\"wp-block-image size-large\"><img loading=\"lazy\" decoding=\"async\" width=\"1024\" height=\"576\" src=\"https:\/\/media.senioridag.se\/2023\/07\/Vikingar-3-1024x576.png\" alt=\"Senioridag.se\" class=\"wp-image-682\" srcset=\"https:\/\/media.senioridag.se\/2023\/07\/Vikingar-3-1024x576.png 1024w, https:\/\/media.senioridag.se\/2023\/07\/Vikingar-3-300x169.png 300w, https:\/\/media.senioridag.se\/2023\/07\/Vikingar-3-768x432.png 768w, https:\/\/media.senioridag.se\/2023\/07\/Vikingar-3-18x10.png 18w, https:\/\/media.senioridag.se\/2023\/07\/Vikingar-3.png 1200w\" sizes=\"auto, (max-width: 1024px) 100vw, 1024px\" \/><\/figure>\n\n\n\n<h2 class=\"wp-block-heading\">1. Vikingarnas tid<\/h2>\n\n\n\n<p>Trosa \u00e4r en av Sveriges \u00e4ldsta st\u00e4der och har anor fr\u00e5n vikingatiden.<\/p>\n\n\n\n<h2 class=\"wp-block-heading\">2. Stadsr\u00e4ttigheter fr\u00e5n kung Magnus Ladul\u00e5s.<\/h2>\n\n\n\n<p>Staden fick sina stadsr\u00e4ttigheter av kung Magnus Ladul\u00e5s p\u00e5 1300-talet.<\/p>\n\n\n\n<h2 class=\"wp-block-heading\">3. En blomstrande handelsplats under medeltiden.<\/h2>\n\n\n\n<p>Under medeltiden var Trosa en viktig handelsplats och hamn vid \u00d6stersj\u00f6n.<\/p>\n\n\n\n<h2 class=\"wp-block-heading\">4. Trosa och Hansan.<\/h2>\n\n\n\n<p>Trosa var en del av Hansan, ett m\u00e4ktigt handelsf\u00f6rbund, under medeltiden.<\/p>\n\n\n\n<h2 class=\"wp-block-heading\">5. Skeppsbyggande och tr\u00e4varuhandel p\u00e5 1500-talet.<\/h2>\n\n\n\n<p>Staden har genom historien varit k\u00e4nd f\u00f6r sin tr\u00e4varuhandel och skeppsbyggnad.<\/p>\n\n\n\n<h2 class=\"wp-block-heading\">6. Br\u00e4ndernas tid<\/h2>\n\n\n\n<p>P\u00e5 1500-talet drabbades Trosa av flera stora br\u00e4nder, som ledde till omfattande f\u00f6rst\u00f6relse.<\/p>\n\n\n\n<figure class=\"wp-block-image size-full\"><img loading=\"lazy\" decoding=\"async\" width=\"1024\" height=\"576\" src=\"https:\/\/media.senioridag.se\/2023\/07\/Medeltidsstad-brinner-1024x576-2.png\" alt=\"Trosas historia p\u00e5 Senioridag.se\" class=\"wp-image-665\" srcset=\"https:\/\/media.senioridag.se\/2023\/07\/Medeltidsstad-brinner-1024x576-2.png 1024w, https:\/\/media.senioridag.se\/2023\/07\/Medeltidsstad-brinner-1024x576-2-300x169.png 300w, https:\/\/media.senioridag.se\/2023\/07\/Medeltidsstad-brinner-1024x576-2-768x432.png 768w, https:\/\/media.senioridag.se\/2023\/07\/Medeltidsstad-brinner-1024x576-2-18x10.png 18w\" sizes=\"auto, (max-width: 1024px) 100vw, 1024px\" \/><\/figure>\n\n\n\n<h2 class=\"wp-block-heading\">7. Ett kungligt bes\u00f6k<\/h2>\n\n\n\n<p>Gustav Vasa bes\u00f6kte Trosa under sin regeringstid p\u00e5 1500-talet.<\/p>\n\n\n\n<h2 class=\"wp-block-heading\">8. Johan III:s era<\/h2>\n\n\n\n<p>Trosa var en viktig plats under tiden f\u00f6r kung Johan III:s regering.<\/p>\n\n\n\n<h2 class=\"wp-block-heading\">9. Den sv\u00e5ra epidemi som drabbade Trosa.<\/h2>\n\n\n\n<p>I b\u00f6rjan av 1700-talet drabbades Trosa av en epidemi som decimerade befolkningen.<\/p>\n\n\n\n<h2 class=\"wp-block-heading\">10. Segelskutor och stenlastning f\u00f6r Stockholms slott.<\/h2>\n\n\n\n<p>Trosa var k\u00e4nt f\u00f6r sina segelskutor och lastade stenar f\u00f6r byggandet av Stockholms slott.<\/p>\n\n\n\n<h2 class=\"wp-block-heading\">11. Trosa som sommarn\u00f6jesort f\u00f6r Stockholmsbor.<\/h2>\n\n\n\n<p>Trosa blev en popul\u00e4r sommarn\u00f6jesort f\u00f6r Stockholmsbor under 1900-talet.<\/p>\n\n\n\n<figure class=\"wp-block-image size-large\"><img loading=\"lazy\" decoding=\"async\" width=\"1024\" height=\"576\" src=\"https:\/\/media.senioridag.se\/2023\/07\/Fest-i-stad-1-1024x576.png\" alt=\"Trosas historia p\u00e5 Senioridag.se\" class=\"wp-image-666\" srcset=\"https:\/\/media.senioridag.se\/2023\/07\/Fest-i-stad-1-1024x576.png 1024w, https:\/\/media.senioridag.se\/2023\/07\/Fest-i-stad-1-300x169.png 300w, https:\/\/media.senioridag.se\/2023\/07\/Fest-i-stad-1-768x432.png 768w, https:\/\/media.senioridag.se\/2023\/07\/Fest-i-stad-1-18x10.png 18w, https:\/\/media.senioridag.se\/2023\/07\/Fest-i-stad-1.png 1200w\" sizes=\"auto, (max-width: 1024px) 100vw, 1024px\" \/><\/figure>\n\n\n\n<h2 class=\"wp-block-heading\">12. Konstn\u00e4rers dragningskraft till den idylliska staden.<\/h2>\n\n\n\n<p>Staden lockade konstn\u00e4rer som m\u00e5lade och skildrade den idylliska milj\u00f6n.<\/p>\n\n\n\n<h2 class=\"wp-block-heading\">13. Historiska byggnader<\/h2>\n\n\n\n<p>Trosa har flera k\u00e4nda byggnader, inklusive Trosa kyrka som har anor fr\u00e5n 1200-talet.<\/p>\n\n\n\n<h2 class=\"wp-block-heading\">14. Trosas roll som tullkontor och gr\u00e4ns\u00f6verg\u00e5ng under andra v\u00e4rldskriget.<\/h2>\n\n\n\n<p>Under andra v\u00e4rldskriget fungerade Trosa som ett tullkontor och gr\u00e4ns\u00f6verg\u00e5ng.<\/p>\n\n\n\n<h2 class=\"wp-block-heading\">15. Turismens \u00e5terkomst efter kriget<\/h2>\n\n\n\n<p>Efter kriget v\u00e4xte turismen i Trosa igen, med fokus p\u00e5 sk\u00e4rg\u00e5rdslivet.<\/p>\n\n\n\n<h2 class=\"wp-block-heading\">16. Ett uppsving f\u00f6r Trosa p\u00e5 1800-talet<\/h2>\n\n\n\n<p>Under 1800-talet blomstrade sj\u00f6farten och handeln i Trosa igen.<\/p>\n\n\n\n<figure class=\"wp-block-image size-large\"><img loading=\"lazy\" decoding=\"async\" width=\"1024\" height=\"576\" src=\"https:\/\/media.senioridag.se\/2023\/07\/GAMMAL-STAD-KAJ-1024x576.png\" alt=\"Trosas historia p\u00e5 Senioridag.se\" class=\"wp-image-667\" srcset=\"https:\/\/media.senioridag.se\/2023\/07\/GAMMAL-STAD-KAJ-1024x576.png 1024w, https:\/\/media.senioridag.se\/2023\/07\/GAMMAL-STAD-KAJ-300x169.png 300w, https:\/\/media.senioridag.se\/2023\/07\/GAMMAL-STAD-KAJ-768x432.png 768w, https:\/\/media.senioridag.se\/2023\/07\/GAMMAL-STAD-KAJ-18x10.png 18w, https:\/\/media.senioridag.se\/2023\/07\/GAMMAL-STAD-KAJ.png 1200w\" sizes=\"auto, (max-width: 1024px) 100vw, 1024px\" \/><\/figure>\n\n\n\n<h2 class=\"wp-block-heading\">17. Tr\u00e4hus och gr\u00e4nder<\/h2>\n\n\n\n<p>Trosa blev k\u00e4nt f\u00f6r sina vackra tr\u00e4hus och pittoreska gr\u00e4nder.<\/p>\n\n\n\n<h2 class=\"wp-block-heading\">18. B\u00e5tlivets glansdagar<\/h2>\n\n\n\n<p>P\u00e5 1950-talet blev Trosa ett popul\u00e4rt resm\u00e5l f\u00f6r b\u00e5tliv och segling.<\/p>\n\n\n\n<h2 class=\"wp-block-heading\">19. Kommunens beslut om att skydda stadsk\u00e4rnan som kulturarv.<\/h2>\n\n\n\n<p>\u00c5r 1967 beslutade kommunen att bevara den historiska stadsk\u00e4rnan som ett kulturarv.<\/p>\n\n\n\n<h2 class=\"wp-block-heading\">20. Filmens stad<\/h2>\n\n\n\n<p>Trosa har varit inspelningsplats f\u00f6r flera svenska filmer och TV-serier.<\/p>\n\n\n\n<h2 class=\"wp-block-heading\">21. &#8221;\u00c5ngb\u00e5tens stad&#8221; p\u00e5 1970-talet.<\/h2>\n\n\n\n<p>P\u00e5 1970-talet blev Trosa k\u00e4nt som &#8221;\u00c5ngb\u00e5tens stad&#8221; f\u00f6r sina \u00e5ngb\u00e5tstrafiker.<\/p>\n\n\n\n<h2 class=\"wp-block-heading\">22. Trosa\u00e5n &#8211; en viktig flod genom stadens historia.<\/h2>\n\n\n\n<p>Trosa\u00e5n, som rinner genom staden, har spelat en central roll i stadens historia.<\/p>\n\n\n\n<h2 class=\"wp-block-heading\">23. Kulturlivet i Trosa<\/h2>\n\n\n\n<p>Staden har en aktiv kulturscen med teaterf\u00f6rest\u00e4llningar och musikarrangemang.<\/p>\n\n\n\n<figure class=\"wp-block-image size-large\"><img loading=\"lazy\" decoding=\"async\" width=\"1024\" height=\"576\" src=\"https:\/\/media.senioridag.se\/2023\/07\/Malare-malar-stad-1024x576.png\" alt=\"Trosas historia p\u00e5 Senioridag.se\" class=\"wp-image-684\" srcset=\"https:\/\/media.senioridag.se\/2023\/07\/Malare-malar-stad-1024x576.png 1024w, https:\/\/media.senioridag.se\/2023\/07\/Malare-malar-stad-300x169.png 300w, https:\/\/media.senioridag.se\/2023\/07\/Malare-malar-stad-768x432.png 768w, https:\/\/media.senioridag.se\/2023\/07\/Malare-malar-stad-18x10.png 18w, https:\/\/media.senioridag.se\/2023\/07\/Malare-malar-stad.png 1200w\" sizes=\"auto, (max-width: 1024px) 100vw, 1024px\" \/><\/figure>\n\n\n\n<h2 class=\"wp-block-heading\">24. \u00d6versv\u00e4mningen som drabbade Trosa \u00e5r 1989.<\/h2>\n\n\n\n<p>\u00c5r 1989 drabbades Trosa av en \u00f6versv\u00e4mning, vilket ledde till stora skador.<\/p>\n\n\n\n<h2 class=\"wp-block-heading\">25. Skyddsvallarna som byggdes f\u00f6r att minska framtida risker.<\/h2>\n\n\n\n<p>Efter \u00f6versv\u00e4mningen genomf\u00f6rdes omfattande skyddsvallar f\u00f6r att minska framtida risker.<\/p>\n\n\n\n<h2 class=\"wp-block-heading\">26. Seglarveckan i Trosa<\/h2>\n\n\n\n<p>Trosa har en \u00e5rlig seglarvecka, som lockar deltagare och bes\u00f6kare fr\u00e5n n\u00e4r och fj\u00e4rran.<\/p>\n\n\n\n<figure class=\"wp-block-image size-large is-resized\"><img loading=\"lazy\" decoding=\"async\" src=\"https:\/\/media.senioridag.se\/2023\/07\/Segellrace-1024x576.png\" alt=\"Trosas historia p\u00e5 Senioridag.se\" class=\"wp-image-511\" width=\"992\" height=\"558\" srcset=\"https:\/\/media.senioridag.se\/2023\/07\/Segellrace-1024x576.png 1024w, https:\/\/media.senioridag.se\/2023\/07\/Segellrace-300x169.png 300w, https:\/\/media.senioridag.se\/2023\/07\/Segellrace-768x432.png 768w, https:\/\/media.senioridag.se\/2023\/07\/Segellrace-18x10.png 18w, https:\/\/media.senioridag.se\/2023\/07\/Segellrace.png 1200w\" sizes=\"auto, (max-width: 992px) 100vw, 992px\" \/><\/figure>\n\n\n\n<h2 class=\"wp-block-heading\">27. 700-\u00e5rsjubileumet<\/h2>\n\n\n\n<p>\u00c5r 2007 firade Trosa sitt 700-\u00e5rsjubileum med festligheter och evenemang.<\/p>\n\n\n\n<h2 class=\"wp-block-heading\">28. Natursk\u00f6na Trosa<\/h2>\n\n\n\n<p>Staden \u00e4r omgiven av vacker natur och har flera vandringsleder och naturreservat.<\/p>\n\n\n\n<h2 class=\"wp-block-heading\">29. H\u00e5llbarhetsengagemanget<\/h2>\n\n\n\n<p>Trosa \u00e4r k\u00e4nt f\u00f6r sitt engagemang i milj\u00f6fr\u00e5gor och h\u00e5llbar utveckling.<\/p>\n\n\n\n<h2 class=\"wp-block-heading\">30. Nutidens Trosa<\/h2>\n\n\n\n<p>Idag \u00e4r Trosa en charmig stad med rik historia, lockande natur och en popul\u00e4r destination f\u00f6r bes\u00f6kare.<\/p>\n\n\n\n<h2 class=\"wp-block-heading\">Trosas historia<\/h2>\n\n\n\n<p>Efter Trosas historia kanske du vill veta vad du kan se och&nbsp;<a href=\"https:\/\/www.freedomtravel.se\/2021\/05\/gora-i-trosa\/\" target=\"_blank\" rel=\"noreferrer noopener\">g\u00f6ra i Trosa<\/a>&nbsp;eller s\u00e5 kanske du vill l\u00e4sa mer om&nbsp;<a href=\"https:\/\/senioridag.se\/sv_se\/mariefreds-historia\/\">Mariefreds historia<\/a><\/p>\n\n\n\n<figure class=\"wp-block-image size-large\"><img loading=\"lazy\" decoding=\"async\" width=\"1024\" height=\"576\" src=\"https:\/\/media.senioridag.se\/2023\/07\/Borg-vid-sjo-1-1024x576.png\" alt=\"Senioridag.se\" class=\"wp-image-678\" srcset=\"https:\/\/media.senioridag.se\/2023\/07\/Borg-vid-sjo-1-1024x576.png 1024w, https:\/\/media.senioridag.se\/2023\/07\/Borg-vid-sjo-1-300x169.png 300w, https:\/\/media.senioridag.se\/2023\/07\/Borg-vid-sjo-1-768x432.png 768w, https:\/\/media.senioridag.se\/2023\/07\/Borg-vid-sjo-1-18x10.png 18w, https:\/\/media.senioridag.se\/2023\/07\/Borg-vid-sjo-1.png 1200w\" sizes=\"auto, (max-width: 1024px) 100vw, 1024px\" \/><\/figure>\n","protected":false},"excerpt":{"rendered":"<p>Trosas historia i Sverige str\u00e4cker sig tillbaka till vikingatiden och stadens officiella grundande skedde p\u00e5 1300-talet n\u00e4r kung Magnus Ladul\u00e5s gav stadsr\u00e4ttigheter. Under medeltiden var &hellip; <\/p>\n","protected":false},"author":1,"featured_media":681,"comment_status":"open","ping_status":"open","sticky":false,"template":"","format":"standard","meta":{"_uag_custom_page_level_css":"","footnotes":""},"categories":[4],"tags":[],"class_list":["post-660","post","type-post","status-publish","format-standard","has-post-thumbnail","hentry","category-sverige"],"yoast_head":"<!-- This site is optimized with the Yoast SEO plugin v27.5 - https:\/\/yoast.com\/product\/yoast-seo-wordpress\/ -->\n<title>Trosas historia - 30 historiska fakta - Senior Idag<\/title>\n<meta name=\"description\" content=\"Trosas historia str\u00e4cker sig l\u00e5ngt tillbaka i tiden som vikingatiden samt en betydande roll som handelsplats under medeltiden.\" \/>\n<meta name=\"robots\" content=\"index, follow, max-snippet:-1, max-image-preview:large, max-video-preview:-1\" \/>\n<link rel=\"canonical\" href=\"https:\/\/senioridag.se\/sv_se\/trosas-historia\/\" \/>\n<meta property=\"og:locale\" content=\"sv_SE\" \/>\n<meta property=\"og:type\" content=\"article\" \/>\n<meta property=\"og:title\" content=\"Trosas historia - 30 historiska fakta - Senior Idag\" \/>\n<meta property=\"og:description\" content=\"Trosas historia str\u00e4cker sig l\u00e5ngt tillbaka i tiden som vikingatiden samt en betydande roll som handelsplats under medeltiden.\" \/>\n<meta property=\"og:url\" content=\"https:\/\/senioridag.se\/sv_se\/trosas-historia\/\" \/>\n<meta property=\"og:site_name\" content=\"Senior Idag\" \/>\n<meta property=\"article:published_time\" content=\"2023-07-27T18:53:21+00:00\" \/>\n<meta property=\"article:modified_time\" content=\"2023-07-28T16:00:00+00:00\" \/>\n<meta property=\"og:image\" content=\"https:\/\/media.senioridag.se\/2023\/07\/Trosa.png\" \/>\n\t<meta property=\"og:image:width\" content=\"1200\" \/>\n\t<meta property=\"og:image:height\" content=\"675\" \/>\n\t<meta property=\"og:image:type\" content=\"image\/png\" \/>\n<meta name=\"author\" content=\"Admin\" \/>\n<meta name=\"twitter:card\" content=\"summary_large_image\" \/>\n<meta name=\"twitter:label1\" content=\"Skriven av\" \/>\n\t<meta name=\"twitter:data1\" content=\"Admin\" \/>\n\t<meta name=\"twitter:label2\" content=\"Ber\u00e4knad l\u00e4stid\" \/>\n\t<meta name=\"twitter:data2\" content=\"5 minuter\" \/>\n<script type=\"application\/ld+json\" class=\"yoast-schema-graph\">{\"@context\":\"https:\\\/\\\/schema.org\",\"@graph\":[{\"@type\":\"Article\",\"@id\":\"https:\\\/\\\/senioridag.se\\\/trosas-historia\\\/#article\",\"isPartOf\":{\"@id\":\"https:\\\/\\\/senioridag.se\\\/trosas-historia\\\/\"},\"author\":{\"name\":\"Admin\",\"@id\":\"http:\\\/\\\/senioridag.se\\\/sv_se\\\/#\\\/schema\\\/person\\\/0b62aa4624690f35cfe1b8d94577c866\"},\"headline\":\"Trosas historia &#8211; 30 historiska fakta\",\"datePublished\":\"2023-07-27T18:53:21+00:00\",\"dateModified\":\"2023-07-28T16:00:00+00:00\",\"mainEntityOfPage\":{\"@id\":\"https:\\\/\\\/senioridag.se\\\/trosas-historia\\\/\"},\"wordCount\":702,\"commentCount\":0,\"publisher\":{\"@id\":\"http:\\\/\\\/senioridag.se\\\/sv_se\\\/#organization\"},\"image\":{\"@id\":\"https:\\\/\\\/senioridag.se\\\/trosas-historia\\\/#primaryimage\"},\"thumbnailUrl\":\"https:\\\/\\\/media.senioridag.se\\\/2023\\\/07\\\/Trosa.png\",\"articleSection\":[\"Sverige\"],\"inLanguage\":\"sv-SE\",\"potentialAction\":[{\"@type\":\"CommentAction\",\"name\":\"Comment\",\"target\":[\"https:\\\/\\\/senioridag.se\\\/trosas-historia\\\/#respond\"]}]},{\"@type\":\"WebPage\",\"@id\":\"https:\\\/\\\/senioridag.se\\\/trosas-historia\\\/\",\"url\":\"https:\\\/\\\/senioridag.se\\\/trosas-historia\\\/\",\"name\":\"Trosas historia - 30 historiska fakta - Senior Idag\",\"isPartOf\":{\"@id\":\"http:\\\/\\\/senioridag.se\\\/sv_se\\\/#website\"},\"primaryImageOfPage\":{\"@id\":\"https:\\\/\\\/senioridag.se\\\/trosas-historia\\\/#primaryimage\"},\"image\":{\"@id\":\"https:\\\/\\\/senioridag.se\\\/trosas-historia\\\/#primaryimage\"},\"thumbnailUrl\":\"https:\\\/\\\/media.senioridag.se\\\/2023\\\/07\\\/Trosa.png\",\"datePublished\":\"2023-07-27T18:53:21+00:00\",\"dateModified\":\"2023-07-28T16:00:00+00:00\",\"description\":\"Trosas historia str\u00e4cker sig l\u00e5ngt tillbaka i tiden som vikingatiden samt en betydande roll som handelsplats under medeltiden.\",\"breadcrumb\":{\"@id\":\"https:\\\/\\\/senioridag.se\\\/trosas-historia\\\/#breadcrumb\"},\"inLanguage\":\"sv-SE\",\"potentialAction\":[{\"@type\":\"ReadAction\",\"target\":[\"https:\\\/\\\/senioridag.se\\\/trosas-historia\\\/\"]}]},{\"@type\":\"ImageObject\",\"inLanguage\":\"sv-SE\",\"@id\":\"https:\\\/\\\/senioridag.se\\\/trosas-historia\\\/#primaryimage\",\"url\":\"https:\\\/\\\/media.senioridag.se\\\/2023\\\/07\\\/Trosa.png\",\"contentUrl\":\"https:\\\/\\\/media.senioridag.se\\\/2023\\\/07\\\/Trosa.png\",\"width\":1200,\"height\":675},{\"@type\":\"BreadcrumbList\",\"@id\":\"https:\\\/\\\/senioridag.se\\\/trosas-historia\\\/#breadcrumb\",\"itemListElement\":[{\"@type\":\"ListItem\",\"position\":1,\"name\":\"Hem\",\"item\":\"http:\\\/\\\/senioridag.se\\\/sv_se\\\/\"},{\"@type\":\"ListItem\",\"position\":2,\"name\":\"Trosas historia &#8211; 30 historiska fakta\"}]},{\"@type\":\"WebSite\",\"@id\":\"http:\\\/\\\/senioridag.se\\\/sv_se\\\/#website\",\"url\":\"http:\\\/\\\/senioridag.se\\\/sv_se\\\/\",\"name\":\"Senior Idag\",\"description\":\"\",\"publisher\":{\"@id\":\"http:\\\/\\\/senioridag.se\\\/sv_se\\\/#organization\"},\"potentialAction\":[{\"@type\":\"SearchAction\",\"target\":{\"@type\":\"EntryPoint\",\"urlTemplate\":\"http:\\\/\\\/senioridag.se\\\/sv_se\\\/?s={search_term_string}\"},\"query-input\":{\"@type\":\"PropertyValueSpecification\",\"valueRequired\":true,\"valueName\":\"search_term_string\"}}],\"inLanguage\":\"sv-SE\"},{\"@type\":\"Organization\",\"@id\":\"http:\\\/\\\/senioridag.se\\\/sv_se\\\/#organization\",\"name\":\"Senior Idag\",\"url\":\"http:\\\/\\\/senioridag.se\\\/sv_se\\\/\",\"logo\":{\"@type\":\"ImageObject\",\"inLanguage\":\"sv-SE\",\"@id\":\"http:\\\/\\\/senioridag.se\\\/sv_se\\\/#\\\/schema\\\/logo\\\/image\\\/\",\"url\":\"https:\\\/\\\/media.senioridag.se\\\/2020\\\/12\\\/cropped-I-6.png\",\"contentUrl\":\"https:\\\/\\\/media.senioridag.se\\\/2020\\\/12\\\/cropped-I-6.png\",\"width\":600,\"height\":600,\"caption\":\"Senior Idag\"},\"image\":{\"@id\":\"http:\\\/\\\/senioridag.se\\\/sv_se\\\/#\\\/schema\\\/logo\\\/image\\\/\"}},{\"@type\":\"Person\",\"@id\":\"http:\\\/\\\/senioridag.se\\\/sv_se\\\/#\\\/schema\\\/person\\\/0b62aa4624690f35cfe1b8d94577c866\",\"name\":\"Admin\",\"image\":{\"@type\":\"ImageObject\",\"inLanguage\":\"sv-SE\",\"@id\":\"https:\\\/\\\/secure.gravatar.com\\\/avatar\\\/691c9308cc660d04c7862e80cbaadc7cd33af93df2c74a13be07c53be8778195?s=96&d=mm&r=g\",\"url\":\"https:\\\/\\\/secure.gravatar.com\\\/avatar\\\/691c9308cc660d04c7862e80cbaadc7cd33af93df2c74a13be07c53be8778195?s=96&d=mm&r=g\",\"contentUrl\":\"https:\\\/\\\/secure.gravatar.com\\\/avatar\\\/691c9308cc660d04c7862e80cbaadc7cd33af93df2c74a13be07c53be8778195?s=96&d=mm&r=g\",\"caption\":\"Admin\"},\"sameAs\":[\"https:\\\/\\\/senioridag.se\"],\"url\":\"https:\\\/\\\/senioridag.se\\\/sv_se\\\/author\\\/peter\\\/\"}]}<\/script>\n<!-- \/ Yoast SEO plugin. -->","yoast_head_json":{"title":"Trosas historia - 30 historiska fakta - Senior Idag","description":"Trosas historia str\u00e4cker sig l\u00e5ngt tillbaka i tiden som vikingatiden samt en betydande roll som handelsplats under medeltiden.","robots":{"index":"index","follow":"follow","max-snippet":"max-snippet:-1","max-image-preview":"max-image-preview:large","max-video-preview":"max-video-preview:-1"},"canonical":"https:\/\/senioridag.se\/sv_se\/trosas-historia\/","og_locale":"sv_SE","og_type":"article","og_title":"Trosas historia - 30 historiska fakta - Senior Idag","og_description":"Trosas historia str\u00e4cker sig l\u00e5ngt tillbaka i tiden som vikingatiden samt en betydande roll som handelsplats under medeltiden.","og_url":"https:\/\/senioridag.se\/sv_se\/trosas-historia\/","og_site_name":"Senior Idag","article_published_time":"2023-07-27T18:53:21+00:00","article_modified_time":"2023-07-28T16:00:00+00:00","og_image":[{"width":1200,"height":675,"url":"https:\/\/media.senioridag.se\/2023\/07\/Trosa.png","type":"image\/png"}],"author":"Admin","twitter_card":"summary_large_image","twitter_misc":{"Skriven av":"Admin","Ber\u00e4knad l\u00e4stid":"5 minuter"},"schema":{"@context":"https:\/\/schema.org","@graph":[{"@type":"Article","@id":"https:\/\/senioridag.se\/trosas-historia\/#article","isPartOf":{"@id":"https:\/\/senioridag.se\/trosas-historia\/"},"author":{"name":"Admin","@id":"http:\/\/senioridag.se\/sv_se\/#\/schema\/person\/0b62aa4624690f35cfe1b8d94577c866"},"headline":"Trosas historia &#8211; 30 historiska fakta","datePublished":"2023-07-27T18:53:21+00:00","dateModified":"2023-07-28T16:00:00+00:00","mainEntityOfPage":{"@id":"https:\/\/senioridag.se\/trosas-historia\/"},"wordCount":702,"commentCount":0,"publisher":{"@id":"http:\/\/senioridag.se\/sv_se\/#organization"},"image":{"@id":"https:\/\/senioridag.se\/trosas-historia\/#primaryimage"},"thumbnailUrl":"https:\/\/media.senioridag.se\/2023\/07\/Trosa.png","articleSection":["Sverige"],"inLanguage":"sv-SE","potentialAction":[{"@type":"CommentAction","name":"Comment","target":["https:\/\/senioridag.se\/trosas-historia\/#respond"]}]},{"@type":"WebPage","@id":"https:\/\/senioridag.se\/trosas-historia\/","url":"https:\/\/senioridag.se\/trosas-historia\/","name":"Trosas historia - 30 historiska fakta - Senior Idag","isPartOf":{"@id":"http:\/\/senioridag.se\/sv_se\/#website"},"primaryImageOfPage":{"@id":"https:\/\/senioridag.se\/trosas-historia\/#primaryimage"},"image":{"@id":"https:\/\/senioridag.se\/trosas-historia\/#primaryimage"},"thumbnailUrl":"https:\/\/media.senioridag.se\/2023\/07\/Trosa.png","datePublished":"2023-07-27T18:53:21+00:00","dateModified":"2023-07-28T16:00:00+00:00","description":"Trosas historia str\u00e4cker sig l\u00e5ngt tillbaka i tiden som vikingatiden samt en betydande roll som handelsplats under medeltiden.","breadcrumb":{"@id":"https:\/\/senioridag.se\/trosas-historia\/#breadcrumb"},"inLanguage":"sv-SE","potentialAction":[{"@type":"ReadAction","target":["https:\/\/senioridag.se\/trosas-historia\/"]}]},{"@type":"ImageObject","inLanguage":"sv-SE","@id":"https:\/\/senioridag.se\/trosas-historia\/#primaryimage","url":"https:\/\/media.senioridag.se\/2023\/07\/Trosa.png","contentUrl":"https:\/\/media.senioridag.se\/2023\/07\/Trosa.png","width":1200,"height":675},{"@type":"BreadcrumbList","@id":"https:\/\/senioridag.se\/trosas-historia\/#breadcrumb","itemListElement":[{"@type":"ListItem","position":1,"name":"Hem","item":"http:\/\/senioridag.se\/sv_se\/"},{"@type":"ListItem","position":2,"name":"Trosas historia &#8211; 30 historiska fakta"}]},{"@type":"WebSite","@id":"http:\/\/senioridag.se\/sv_se\/#website","url":"http:\/\/senioridag.se\/sv_se\/","name":"Senior Idag","description":"","publisher":{"@id":"http:\/\/senioridag.se\/sv_se\/#organization"},"potentialAction":[{"@type":"SearchAction","target":{"@type":"EntryPoint","urlTemplate":"http:\/\/senioridag.se\/sv_se\/?s={search_term_string}"},"query-input":{"@type":"PropertyValueSpecification","valueRequired":true,"valueName":"search_term_string"}}],"inLanguage":"sv-SE"},{"@type":"Organization","@id":"http:\/\/senioridag.se\/sv_se\/#organization","name":"Senior Idag","url":"http:\/\/senioridag.se\/sv_se\/","logo":{"@type":"ImageObject","inLanguage":"sv-SE","@id":"http:\/\/senioridag.se\/sv_se\/#\/schema\/logo\/image\/","url":"https:\/\/media.senioridag.se\/2020\/12\/cropped-I-6.png","contentUrl":"https:\/\/media.senioridag.se\/2020\/12\/cropped-I-6.png","width":600,"height":600,"caption":"Senior Idag"},"image":{"@id":"http:\/\/senioridag.se\/sv_se\/#\/schema\/logo\/image\/"}},{"@type":"Person","@id":"http:\/\/senioridag.se\/sv_se\/#\/schema\/person\/0b62aa4624690f35cfe1b8d94577c866","name":"Admin","image":{"@type":"ImageObject","inLanguage":"sv-SE","@id":"https:\/\/secure.gravatar.com\/avatar\/691c9308cc660d04c7862e80cbaadc7cd33af93df2c74a13be07c53be8778195?s=96&d=mm&r=g","url":"https:\/\/secure.gravatar.com\/avatar\/691c9308cc660d04c7862e80cbaadc7cd33af93df2c74a13be07c53be8778195?s=96&d=mm&r=g","contentUrl":"https:\/\/secure.gravatar.com\/avatar\/691c9308cc660d04c7862e80cbaadc7cd33af93df2c74a13be07c53be8778195?s=96&d=mm&r=g","caption":"Admin"},"sameAs":["https:\/\/senioridag.se"],"url":"https:\/\/senioridag.se\/sv_se\/author\/peter\/"}]}},"uagb_featured_image_src":{"full":["https:\/\/media.senioridag.se\/2023\/07\/Trosa.png",1200,675,false],"thumbnail":["https:\/\/media.senioridag.se\/2023\/07\/Trosa-150x150.png",150,150,true],"medium":["https:\/\/media.senioridag.se\/2023\/07\/Trosa-300x169.png",300,169,true],"medium_large":["https:\/\/media.senioridag.se\/2023\/07\/Trosa-768x432.png",768,432,true],"large":["https:\/\/media.senioridag.se\/2023\/07\/Trosa-1024x576.png",770,433,true],"post-slider-thumb-size":["https:\/\/media.senioridag.se\/2023\/07\/Trosa-330x190.png",330,190,true],"post-category-slider-size":["https:\/\/media.senioridag.se\/2023\/07\/Trosa-330x350.png",330,350,true],"1536x1536":["https:\/\/media.senioridag.se\/2023\/07\/Trosa.png",1200,675,false],"2048x2048":["https:\/\/media.senioridag.se\/2023\/07\/Trosa.png",1200,675,false],"trp-custom-language-flag":["https:\/\/media.senioridag.se\/2023\/07\/Trosa-18x10.png",18,10,true],"vandana-lite-slider":["https:\/\/media.senioridag.se\/2023\/07\/Trosa-580x675.png",580,675,true],"vandana-lite-about":["https:\/\/media.senioridag.se\/2023\/07\/Trosa-500x675.png",500,675,true],"vandana-lite-service":["https:\/\/media.senioridag.se\/2023\/07\/Trosa-562x364.png",562,364,true],"vandana-lite-blog-sec":["https:\/\/media.senioridag.se\/2023\/07\/Trosa-570x333.png",570,333,true],"vandana-lite-blog":["https:\/\/media.senioridag.se\/2023\/07\/Trosa-770x450.png",770,450,true],"vandana-lite-blog-full":["https:\/\/media.senioridag.se\/2023\/07\/Trosa-1170x600.png",1170,600,true],"vandana-lite-blog-list":["https:\/\/media.senioridag.se\/2023\/07\/Trosa-280x300.png",280,300,true],"vandana-lite-blog-grid":["https:\/\/media.senioridag.se\/2023\/07\/Trosa-370x300.png",370,300,true]},"uagb_author_info":{"display_name":"Admin","author_link":"https:\/\/senioridag.se\/sv_se\/author\/peter\/"},"uagb_comment_info":0,"uagb_excerpt":"Trosas historia i Sverige str\u00e4cker sig tillbaka till vikingatiden och stadens officiella grundande skedde p\u00e5 1300-talet n\u00e4r kung Magnus Ladul\u00e5s gav stadsr\u00e4ttigheter. Under medeltiden var &hellip;","_links":{"self":[{"href":"https:\/\/senioridag.se\/sv_se\/wp-json\/wp\/v2\/posts\/660","targetHints":{"allow":["GET"]}}],"collection":[{"href":"https:\/\/senioridag.se\/sv_se\/wp-json\/wp\/v2\/posts"}],"about":[{"href":"https:\/\/senioridag.se\/sv_se\/wp-json\/wp\/v2\/types\/post"}],"author":[{"embeddable":true,"href":"https:\/\/senioridag.se\/sv_se\/wp-json\/wp\/v2\/users\/1"}],"replies":[{"embeddable":true,"href":"https:\/\/senioridag.se\/sv_se\/wp-json\/wp\/v2\/comments?post=660"}],"version-history":[{"count":8,"href":"https:\/\/senioridag.se\/sv_se\/wp-json\/wp\/v2\/posts\/660\/revisions"}],"predecessor-version":[{"id":705,"href":"https:\/\/senioridag.se\/sv_se\/wp-json\/wp\/v2\/posts\/660\/revisions\/705"}],"wp:featuredmedia":[{"embeddable":true,"href":"https:\/\/senioridag.se\/sv_se\/wp-json\/wp\/v2\/media\/681"}],"wp:attachment":[{"href":"https:\/\/senioridag.se\/sv_se\/wp-json\/wp\/v2\/media?parent=660"}],"wp:term":[{"taxonomy":"category","embeddable":true,"href":"https:\/\/senioridag.se\/sv_se\/wp-json\/wp\/v2\/categories?post=660"},{"taxonomy":"post_tag","embeddable":true,"href":"https:\/\/senioridag.se\/sv_se\/wp-json\/wp\/v2\/tags?post=660"}],"curies":[{"name":"wp","href":"https:\/\/api.w.org\/{rel}","templated":true}]}}