{"id":820,"date":"2023-08-07T16:09:38","date_gmt":"2023-08-07T16:09:38","guid":{"rendered":"https:\/\/senioridag.se\/?p=820"},"modified":"2023-08-07T16:09:40","modified_gmt":"2023-08-07T16:09:40","slug":"halmstads-historia","status":"publish","type":"post","link":"https:\/\/senioridag.se\/en\/halmstads-historia\/","title":{"rendered":"Halmstads historia &#8211; 30 historiska fakta"},"content":{"rendered":"<p>Halmstads historia str\u00e4cker sig tillbaka till medeltiden d\u00e5 staden grundades p\u00e5 1200-talet. Under \u00e5ren har Halmstad genomg\u00e5tt krig och politiska f\u00f6r\u00e4ndringar, men har \u00e4ven blomstrat som en viktig hamnstad och handelsplats l\u00e4ngs v\u00e4stkusten. Idag b\u00e4r staden p\u00e5 sin rika historiska arv samtidigt som den forts\u00e4tter att utvecklas som en modern och attraktiv destination f\u00f6r b\u00e5de boende och bes\u00f6kare.<\/p>\n\n\n\n<!--more-->\n\n\n\n<h2 class=\"wp-block-heading\">Halmstads Historia<\/h2>\n\n\n\n<p>Halmstad ligger p\u00e5 den svenska v\u00e4stkusten, vid kusten mot Kattegatt. Staden \u00e4r bel\u00e4gen i Hallands l\u00e4n och omges av en vacker kustlinje och natursk\u00f6na omr\u00e5den. Dess strategiska l\u00e4ge n\u00e4ra havet g\u00f6r Halmstad till en popul\u00e4r destination f\u00f6r b\u00e5de turister och boende som s\u00f6ker n\u00e4rhet till naturen och kustlivet.<\/p>\n\n\n\n<figure class=\"wp-block-image size-large\"><img loading=\"lazy\" decoding=\"async\" width=\"1024\" height=\"576\" src=\"https:\/\/media.senioridag.se\/2023\/08\/Halmstad-1-1024x576.png\" alt=\"Senioridag.se\" class=\"wp-image-1013\" srcset=\"https:\/\/media.senioridag.se\/2023\/08\/Halmstad-1-1024x576.png 1024w, https:\/\/media.senioridag.se\/2023\/08\/Halmstad-1-300x169.png 300w, https:\/\/media.senioridag.se\/2023\/08\/Halmstad-1-768x432.png 768w, https:\/\/media.senioridag.se\/2023\/08\/Halmstad-1-18x10.png 18w, https:\/\/media.senioridag.se\/2023\/08\/Halmstad-1.png 1200w\" sizes=\"auto, (max-width: 1024px) 100vw, 1024px\" \/><\/figure>\n\n\n\n<h2 class=\"wp-block-heading\"><strong>1. Forntida bos\u00e4ttning<\/strong><\/h2>\n\n\n\n<p>Arkeologiska fynd vittnar om tidig m\u00e4nsklig bos\u00e4ttning i Halmstads omr\u00e5de.<\/p>\n\n\n\n<p><strong>2. Medeltida ursprung:<\/strong> Halmstad fick sina stadsr\u00e4ttigheter p\u00e5 1200-talet och v\u00e4xte upp kring sin borg och hamn.<\/p>\n\n\n\n<p><strong>3. Halmstads slott:<\/strong> Halmstads slott, byggt p\u00e5 1600-talet, har spelat en viktig roll i stadens historia.<\/p>\n\n\n\n<p><strong>4. Hanseatiska f\u00f6rbindelser:<\/strong> Under medeltiden hade Halmstad n\u00e4ra f\u00f6rbindelser med Hansan och deltog i den nordiska handeln.<\/p>\n\n\n\n<p><strong>5. Kalmarunionen:<\/strong> Under medeltiden var Halmstad en del av Kalmarunionen och p\u00e5verkades av unionens politiska f\u00f6r\u00e4ndringar.<\/p>\n\n\n\n<p><strong>6. Nordiska sju\u00e5rskriget:<\/strong> Halmstad drabbades av kriget p\u00e5 1560-talet, d\u00e5 staden intogs och f\u00f6rst\u00f6rdes av dansk-norska trupper.<\/p>\n\n\n\n<figure class=\"wp-block-image size-large\"><img loading=\"lazy\" decoding=\"async\" width=\"1024\" height=\"576\" src=\"https:\/\/media.senioridag.se\/2023\/08\/Krig-sve-dan-1024x576.png\" alt=\"Halmstads historia p\u00e5 Senioridag.se\" class=\"wp-image-1014\" srcset=\"https:\/\/media.senioridag.se\/2023\/08\/Krig-sve-dan-1024x576.png 1024w, https:\/\/media.senioridag.se\/2023\/08\/Krig-sve-dan-300x169.png 300w, https:\/\/media.senioridag.se\/2023\/08\/Krig-sve-dan-768x432.png 768w, https:\/\/media.senioridag.se\/2023\/08\/Krig-sve-dan-18x10.png 18w, https:\/\/media.senioridag.se\/2023\/08\/Krig-sve-dan.png 1200w\" sizes=\"auto, (max-width: 1024px) 100vw, 1024px\" \/><\/figure>\n\n\n\n<p><strong>7. Skiftande gr\u00e4nser:<\/strong> Halmstads gr\u00e4nser har varierat genom historien p\u00e5 grund av politiska och territoriella f\u00f6r\u00e4ndringar.<\/p>\n\n\n\n<p><strong>8. Industriell utveckling:<\/strong> Under 1800-talet genomgick Halmstad en industriell utveckling, s\u00e4rskilt inom textil- och tr\u00e4varuindustrin.<\/p>\n\n\n\n<p><strong>9. Svenska Halmstad:<\/strong> Efter freden 1645 i Br\u00f6msebro blev Halmstad svenskt i 30 \u00e5r, tillsammans med \u00f6vriga Halland.<\/p>\n\n\n\n<p><strong>10. Andra v\u00e4rldskriget:<\/strong> Under andra v\u00e4rldskriget p\u00e5verkades Halmstad indirekt av kriget genom ransonering och andra krigs\u00e5tg\u00e4rder.<\/p>\n\n\n\n<figure class=\"wp-block-image size-large\"><img loading=\"lazy\" decoding=\"async\" width=\"1024\" height=\"576\" src=\"https:\/\/media.senioridag.se\/2023\/08\/2-varldskrig-1024x576.png\" alt=\"Halmstads historia p\u00e5 Senioridag.se\" class=\"wp-image-1015\" srcset=\"https:\/\/media.senioridag.se\/2023\/08\/2-varldskrig-1024x576.png 1024w, https:\/\/media.senioridag.se\/2023\/08\/2-varldskrig-300x169.png 300w, https:\/\/media.senioridag.se\/2023\/08\/2-varldskrig-768x432.png 768w, https:\/\/media.senioridag.se\/2023\/08\/2-varldskrig-18x10.png 18w, https:\/\/media.senioridag.se\/2023\/08\/2-varldskrig.png 1200w\" sizes=\"auto, (max-width: 1024px) 100vw, 1024px\" \/><\/figure>\n\n\n\n<p><strong>11. Kustf\u00f6rst\u00e4rkning:<\/strong> Halmstad har historiskt k\u00e4mpat mot erosion och stormar l\u00e4ngs kusten, vilket ledde till flera kustf\u00f6rst\u00e4rkningsprojekt.<\/p>\n\n\n\n<p><strong>12. Turismens utveckling:<\/strong> P\u00e5 1900-talet v\u00e4xte Halmstad som turistort, lockande bes\u00f6kare till sina str\u00e4nder och kustn\u00e4ra attraktioner.<\/p>\n\n\n\n<p><strong>13. Halmstads museum:<\/strong> Staden har ett museum som bevarar och visar stadens historia och kulturella arv.<\/p>\n\n\n\n<p><strong>14. Varvsindustrin:<\/strong> Halmstad hade en varvsindustri som blomstrade under 1800-1900-talet och bidrog till stadens ekonomi.<\/p>\n\n\n\n<p><strong>15. Kyrkornas historia:<\/strong> Halmstad har flera vackra kyrkor som vittnar om stadens religi\u00f6sa och arkitektoniska arv.<\/p>\n\n\n\n<p><strong>16. Folkliga traditioner:<\/strong> Halmstad har rika folkliga traditioner, inklusive midsommarfirande och andra kulturella evenemang.<\/p>\n\n\n\n<figure class=\"wp-block-image size-large\"><img loading=\"lazy\" decoding=\"async\" width=\"1024\" height=\"576\" src=\"https:\/\/media.senioridag.se\/2023\/08\/Midsommar-1024x576.png\" alt=\"Halmstads historia p\u00e5 Senioridag.se\" class=\"wp-image-1016\" srcset=\"https:\/\/media.senioridag.se\/2023\/08\/Midsommar-1024x576.png 1024w, https:\/\/media.senioridag.se\/2023\/08\/Midsommar-300x169.png 300w, https:\/\/media.senioridag.se\/2023\/08\/Midsommar-768x432.png 768w, https:\/\/media.senioridag.se\/2023\/08\/Midsommar-18x10.png 18w, https:\/\/media.senioridag.se\/2023\/08\/Midsommar.png 1200w\" sizes=\"auto, (max-width: 1024px) 100vw, 1024px\" \/><\/figure>\n\n\n\n<p><strong>17. Badortens utveckling:<\/strong> Halmstad blev allt mer popul\u00e4rt som badort p\u00e5 1900-talet, och turismen blomstrade.<\/p>\n\n\n\n<p><strong>18. Sk\u00e5nska kriget:<\/strong> Halmstad var en viktig plats under Sk\u00e5nska kriget p\u00e5 1600-talet och drabbades av krigshandlingar.<\/p>\n\n\n\n<p><strong>19. Halmstads bibliotek:<\/strong> Staden har ett anrikt bibliotek som har funnits sedan tidigt 1800-tal.<\/p>\n\n\n\n<p><strong>20. Stadsprivilegier:<\/strong> Halmstad fick stadsprivilegier under medeltiden, vilket gav stadens inv\u00e5nare s\u00e4rskilda r\u00e4ttigheter och skyldigheter.<\/p>\n\n\n\n<p><strong>21. Industri och sj\u00f6fart:<\/strong> Halmstad har historiskt varit en viktig hamnstad och handelsplats f\u00f6r omgivande landsbygd.<\/p>\n\n\n\n<figure class=\"wp-block-image size-large\"><img loading=\"lazy\" decoding=\"async\" width=\"1024\" height=\"576\" src=\"https:\/\/media.senioridag.se\/2023\/08\/Vacker-hamnstad-1024x576.png\" alt=\"Halmstads historia p\u00e5 Senioridag.se\" class=\"wp-image-1017\" srcset=\"https:\/\/media.senioridag.se\/2023\/08\/Vacker-hamnstad-1024x576.png 1024w, https:\/\/media.senioridag.se\/2023\/08\/Vacker-hamnstad-300x169.png 300w, https:\/\/media.senioridag.se\/2023\/08\/Vacker-hamnstad-768x432.png 768w, https:\/\/media.senioridag.se\/2023\/08\/Vacker-hamnstad-18x10.png 18w, https:\/\/media.senioridag.se\/2023\/08\/Vacker-hamnstad.png 1200w\" sizes=\"auto, (max-width: 1024px) 100vw, 1024px\" \/><\/figure>\n\n\n\n<p><strong>22. Skulpturer och konst:<\/strong> Halmstad har en rik kultur- och konsthistoria, med olika skulpturer och konstverk i stadens offentliga rum.<\/p>\n\n\n\n<p><strong>23. Sj\u00f6r\u00e4ddningen:<\/strong> Halmstads sj\u00f6r\u00e4ddningsstation har spelat en viktig roll i att r\u00e4dda liv och skydda kusten.<\/p>\n\n\n\n<p><strong>24. J\u00e4rnv\u00e4gslinje:<\/strong> 1877 fick halmstad sin f\u00f6rsta j\u00e4rnv\u00e4gslinjen, Halmstad-V\u00e4rnamo, \u00f6ppnades.<\/p>\n\n\n\n<p><strong>25. Halmstad BK:<\/strong> Halmstad \u00e4r k\u00e4nt f\u00f6r sin fotbollshistoria, med framst\u00e5ende klubben Halmstad BK.<\/p>\n\n\n\n<p><strong>26. Halmstads teater:<\/strong> Staden har en anrik teater som har varit en central del av stadens kulturliv.<\/p>\n\n\n\n<figure class=\"wp-block-image size-large\"><img loading=\"lazy\" decoding=\"async\" width=\"1024\" height=\"576\" src=\"https:\/\/media.senioridag.se\/2023\/08\/Fest-1700-3-1024x576.png\" alt=\"Halmstads historia p\u00e5 Senioridag.se\" class=\"wp-image-1018\" srcset=\"https:\/\/media.senioridag.se\/2023\/08\/Fest-1700-3-1024x576.png 1024w, https:\/\/media.senioridag.se\/2023\/08\/Fest-1700-3-300x169.png 300w, https:\/\/media.senioridag.se\/2023\/08\/Fest-1700-3-768x432.png 768w, https:\/\/media.senioridag.se\/2023\/08\/Fest-1700-3-18x10.png 18w, https:\/\/media.senioridag.se\/2023\/08\/Fest-1700-3.png 1200w\" sizes=\"auto, (max-width: 1024px) 100vw, 1024px\" \/><\/figure>\n\n\n\n<p><strong>27. Halmstads hamn:<\/strong> Halmstads hamn har en l\u00e5ng historia som handelsplats och knutpunkt f\u00f6r sj\u00f6farten.<\/p>\n\n\n\n<p><strong>28. Halmstads borgm\u00e4stare:<\/strong> Staden har haft m\u00e5nga framst\u00e5ende borgm\u00e4stare som har p\u00e5verkat stadens utveckling genom historien.<\/p>\n\n\n\n<p><strong>29. Nutida utveckling:<\/strong> Idag \u00e4r Halmstad en modern stad som balanserar sin rika historia med en fram\u00e5tblickande framtid och en blomstrande turism- och handelssektor.<\/p>\n\n\n\n<p><strong>30. Kulturella evenemang:<\/strong> Halmstad erbjuder olika kulturella evenemang och festivaler som berikar stadens kulturliv och attraherar bes\u00f6kare fr\u00e5n n\u00e4r och fj\u00e4rran.<\/p>\n\n\n\n<h2 class=\"wp-block-heading\">Halmstads historia<\/h2>\n\n\n\n<p>Efter Halmstads historia kanske du vill veta vad du kan se och\u00a0<a href=\"https:\/\/www.freedomtravel.se\/2021\/08\/gora-i-halmstad\/\" target=\"_blank\" rel=\"noreferrer noopener\">g\u00f6ra i Halmstad<\/a>\u00a0eller s\u00e5 kanske du vill l\u00e4sa mer om\u00a0<a href=\"https:\/\/senioridag.se\/en\/vaxholms-historia\/\">Vaxholms historia<\/a><\/p>\n\n\n\n<figure class=\"wp-block-image size-large\"><img loading=\"lazy\" decoding=\"async\" width=\"1024\" height=\"576\" src=\"https:\/\/media.senioridag.se\/2023\/07\/Vaxholm-1024x576.png\" alt=\"Senioridag.se\" class=\"wp-image-924\" srcset=\"https:\/\/media.senioridag.se\/2023\/07\/Vaxholm-1024x576.png 1024w, https:\/\/media.senioridag.se\/2023\/07\/Vaxholm-300x169.png 300w, https:\/\/media.senioridag.se\/2023\/07\/Vaxholm-768x432.png 768w, https:\/\/media.senioridag.se\/2023\/07\/Vaxholm-18x10.png 18w, https:\/\/media.senioridag.se\/2023\/07\/Vaxholm.png 1200w\" sizes=\"auto, (max-width: 1024px) 100vw, 1024px\" \/><\/figure>","protected":false},"excerpt":{"rendered":"<p>Halmstads historia str\u00e4cker sig tillbaka till medeltiden d\u00e5 staden grundades p\u00e5 1200-talet. Under \u00e5ren har Halmstad genomg\u00e5tt krig och politiska f\u00f6r\u00e4ndringar, men har \u00e4ven blomstrat &hellip; <\/p>","protected":false},"author":1,"featured_media":923,"comment_status":"open","ping_status":"open","sticky":false,"template":"","format":"standard","meta":{"_uag_custom_page_level_css":"","footnotes":""},"categories":[4],"tags":[],"class_list":["post-820","post","type-post","status-publish","format-standard","has-post-thumbnail","hentry","category-sverige"],"yoast_head":"<!-- This site is optimized with the Yoast SEO plugin v27.5 - https:\/\/yoast.com\/product\/yoast-seo-wordpress\/ -->\n<title>Halmstads historia - 30 historiska fakta - Senior Idag<\/title>\n<meta name=\"description\" content=\"Halmstads historia och Halmstad har en medeltida historia som str\u00e4cker sig tillbaka till dess grundande p\u00e5 1200-talet.\" \/>\n<meta name=\"robots\" content=\"index, follow, max-snippet:-1, max-image-preview:large, max-video-preview:-1\" \/>\n<link rel=\"canonical\" href=\"https:\/\/senioridag.se\/en\/halmstads-historia\/\" \/>\n<meta property=\"og:locale\" content=\"en_GB\" \/>\n<meta property=\"og:type\" content=\"article\" \/>\n<meta property=\"og:title\" content=\"Halmstads historia - 30 historiska fakta - Senior Idag\" \/>\n<meta property=\"og:description\" content=\"Halmstads historia och Halmstad har en medeltida historia som str\u00e4cker sig tillbaka till dess grundande p\u00e5 1200-talet.\" \/>\n<meta property=\"og:url\" content=\"https:\/\/senioridag.se\/en\/halmstads-historia\/\" \/>\n<meta property=\"og:site_name\" content=\"Senior Idag\" \/>\n<meta property=\"article:published_time\" content=\"2023-08-07T16:09:38+00:00\" \/>\n<meta property=\"article:modified_time\" content=\"2023-08-07T16:09:40+00:00\" \/>\n<meta property=\"og:image\" content=\"https:\/\/media.senioridag.se\/2023\/07\/Grym-sjostad.png\" \/>\n\t<meta property=\"og:image:width\" content=\"1200\" \/>\n\t<meta property=\"og:image:height\" content=\"675\" \/>\n\t<meta property=\"og:image:type\" content=\"image\/png\" \/>\n<meta name=\"author\" content=\"Admin\" \/>\n<meta name=\"twitter:card\" content=\"summary_large_image\" \/>\n<meta name=\"twitter:label1\" content=\"Written by\" \/>\n\t<meta name=\"twitter:data1\" content=\"Admin\" \/>\n\t<meta name=\"twitter:label2\" content=\"Estimated reading time\" \/>\n\t<meta name=\"twitter:data2\" content=\"5 minutes\" \/>\n<script type=\"application\/ld+json\" class=\"yoast-schema-graph\">{\"@context\":\"https:\\\/\\\/schema.org\",\"@graph\":[{\"@type\":\"Article\",\"@id\":\"https:\\\/\\\/senioridag.se\\\/halmstads-historia\\\/#article\",\"isPartOf\":{\"@id\":\"https:\\\/\\\/senioridag.se\\\/halmstads-historia\\\/\"},\"author\":{\"name\":\"Admin\",\"@id\":\"http:\\\/\\\/senioridag.se\\\/sv_se\\\/#\\\/schema\\\/person\\\/0b62aa4624690f35cfe1b8d94577c866\"},\"headline\":\"Halmstads historia &#8211; 30 historiska fakta\",\"datePublished\":\"2023-08-07T16:09:38+00:00\",\"dateModified\":\"2023-08-07T16:09:40+00:00\",\"mainEntityOfPage\":{\"@id\":\"https:\\\/\\\/senioridag.se\\\/halmstads-historia\\\/\"},\"wordCount\":693,\"commentCount\":0,\"publisher\":{\"@id\":\"http:\\\/\\\/senioridag.se\\\/sv_se\\\/#organization\"},\"image\":{\"@id\":\"https:\\\/\\\/senioridag.se\\\/halmstads-historia\\\/#primaryimage\"},\"thumbnailUrl\":\"https:\\\/\\\/media.senioridag.se\\\/2023\\\/07\\\/Grym-sjostad.png\",\"articleSection\":[\"Sverige\"],\"inLanguage\":\"en-GB\",\"potentialAction\":[{\"@type\":\"CommentAction\",\"name\":\"Comment\",\"target\":[\"https:\\\/\\\/senioridag.se\\\/halmstads-historia\\\/#respond\"]}]},{\"@type\":\"WebPage\",\"@id\":\"https:\\\/\\\/senioridag.se\\\/halmstads-historia\\\/\",\"url\":\"https:\\\/\\\/senioridag.se\\\/halmstads-historia\\\/\",\"name\":\"Halmstads historia - 30 historiska fakta - Senior Idag\",\"isPartOf\":{\"@id\":\"http:\\\/\\\/senioridag.se\\\/sv_se\\\/#website\"},\"primaryImageOfPage\":{\"@id\":\"https:\\\/\\\/senioridag.se\\\/halmstads-historia\\\/#primaryimage\"},\"image\":{\"@id\":\"https:\\\/\\\/senioridag.se\\\/halmstads-historia\\\/#primaryimage\"},\"thumbnailUrl\":\"https:\\\/\\\/media.senioridag.se\\\/2023\\\/07\\\/Grym-sjostad.png\",\"datePublished\":\"2023-08-07T16:09:38+00:00\",\"dateModified\":\"2023-08-07T16:09:40+00:00\",\"description\":\"Halmstads historia och Halmstad har en medeltida historia som str\u00e4cker sig tillbaka till dess grundande p\u00e5 1200-talet.\",\"breadcrumb\":{\"@id\":\"https:\\\/\\\/senioridag.se\\\/halmstads-historia\\\/#breadcrumb\"},\"inLanguage\":\"en-GB\",\"potentialAction\":[{\"@type\":\"ReadAction\",\"target\":[\"https:\\\/\\\/senioridag.se\\\/halmstads-historia\\\/\"]}]},{\"@type\":\"ImageObject\",\"inLanguage\":\"en-GB\",\"@id\":\"https:\\\/\\\/senioridag.se\\\/halmstads-historia\\\/#primaryimage\",\"url\":\"https:\\\/\\\/media.senioridag.se\\\/2023\\\/07\\\/Grym-sjostad.png\",\"contentUrl\":\"https:\\\/\\\/media.senioridag.se\\\/2023\\\/07\\\/Grym-sjostad.png\",\"width\":1200,\"height\":675},{\"@type\":\"BreadcrumbList\",\"@id\":\"https:\\\/\\\/senioridag.se\\\/halmstads-historia\\\/#breadcrumb\",\"itemListElement\":[{\"@type\":\"ListItem\",\"position\":1,\"name\":\"Hem\",\"item\":\"http:\\\/\\\/senioridag.se\\\/sv_se\\\/\"},{\"@type\":\"ListItem\",\"position\":2,\"name\":\"Halmstads historia &#8211; 30 historiska fakta\"}]},{\"@type\":\"WebSite\",\"@id\":\"http:\\\/\\\/senioridag.se\\\/sv_se\\\/#website\",\"url\":\"http:\\\/\\\/senioridag.se\\\/sv_se\\\/\",\"name\":\"Senior Idag\",\"description\":\"\",\"publisher\":{\"@id\":\"http:\\\/\\\/senioridag.se\\\/sv_se\\\/#organization\"},\"potentialAction\":[{\"@type\":\"SearchAction\",\"target\":{\"@type\":\"EntryPoint\",\"urlTemplate\":\"http:\\\/\\\/senioridag.se\\\/sv_se\\\/?s={search_term_string}\"},\"query-input\":{\"@type\":\"PropertyValueSpecification\",\"valueRequired\":true,\"valueName\":\"search_term_string\"}}],\"inLanguage\":\"en-GB\"},{\"@type\":\"Organization\",\"@id\":\"http:\\\/\\\/senioridag.se\\\/sv_se\\\/#organization\",\"name\":\"Senior Idag\",\"url\":\"http:\\\/\\\/senioridag.se\\\/sv_se\\\/\",\"logo\":{\"@type\":\"ImageObject\",\"inLanguage\":\"en-GB\",\"@id\":\"http:\\\/\\\/senioridag.se\\\/sv_se\\\/#\\\/schema\\\/logo\\\/image\\\/\",\"url\":\"https:\\\/\\\/media.senioridag.se\\\/2020\\\/12\\\/cropped-I-6.png\",\"contentUrl\":\"https:\\\/\\\/media.senioridag.se\\\/2020\\\/12\\\/cropped-I-6.png\",\"width\":600,\"height\":600,\"caption\":\"Senior Idag\"},\"image\":{\"@id\":\"http:\\\/\\\/senioridag.se\\\/sv_se\\\/#\\\/schema\\\/logo\\\/image\\\/\"}},{\"@type\":\"Person\",\"@id\":\"http:\\\/\\\/senioridag.se\\\/sv_se\\\/#\\\/schema\\\/person\\\/0b62aa4624690f35cfe1b8d94577c866\",\"name\":\"Admin\",\"image\":{\"@type\":\"ImageObject\",\"inLanguage\":\"en-GB\",\"@id\":\"https:\\\/\\\/secure.gravatar.com\\\/avatar\\\/691c9308cc660d04c7862e80cbaadc7cd33af93df2c74a13be07c53be8778195?s=96&d=mm&r=g\",\"url\":\"https:\\\/\\\/secure.gravatar.com\\\/avatar\\\/691c9308cc660d04c7862e80cbaadc7cd33af93df2c74a13be07c53be8778195?s=96&d=mm&r=g\",\"contentUrl\":\"https:\\\/\\\/secure.gravatar.com\\\/avatar\\\/691c9308cc660d04c7862e80cbaadc7cd33af93df2c74a13be07c53be8778195?s=96&d=mm&r=g\",\"caption\":\"Admin\"},\"sameAs\":[\"https:\\\/\\\/senioridag.se\"],\"url\":\"https:\\\/\\\/senioridag.se\\\/en\\\/author\\\/peter\\\/\"}]}<\/script>\n<!-- \/ Yoast SEO plugin. -->","yoast_head_json":{"title":"Halmstads historia - 30 historiska fakta - Senior Idag","description":"Halmstads historia och Halmstad har en medeltida historia som str\u00e4cker sig tillbaka till dess grundande p\u00e5 1200-talet.","robots":{"index":"index","follow":"follow","max-snippet":"max-snippet:-1","max-image-preview":"max-image-preview:large","max-video-preview":"max-video-preview:-1"},"canonical":"https:\/\/senioridag.se\/en\/halmstads-historia\/","og_locale":"en_GB","og_type":"article","og_title":"Halmstads historia - 30 historiska fakta - Senior Idag","og_description":"Halmstads historia och Halmstad har en medeltida historia som str\u00e4cker sig tillbaka till dess grundande p\u00e5 1200-talet.","og_url":"https:\/\/senioridag.se\/en\/halmstads-historia\/","og_site_name":"Senior Idag","article_published_time":"2023-08-07T16:09:38+00:00","article_modified_time":"2023-08-07T16:09:40+00:00","og_image":[{"width":1200,"height":675,"url":"https:\/\/media.senioridag.se\/2023\/07\/Grym-sjostad.png","type":"image\/png"}],"author":"Admin","twitter_card":"summary_large_image","twitter_misc":{"Written by":"Admin","Estimated reading time":"5 minutes"},"schema":{"@context":"https:\/\/schema.org","@graph":[{"@type":"Article","@id":"https:\/\/senioridag.se\/halmstads-historia\/#article","isPartOf":{"@id":"https:\/\/senioridag.se\/halmstads-historia\/"},"author":{"name":"Admin","@id":"http:\/\/senioridag.se\/sv_se\/#\/schema\/person\/0b62aa4624690f35cfe1b8d94577c866"},"headline":"Halmstads historia &#8211; 30 historiska fakta","datePublished":"2023-08-07T16:09:38+00:00","dateModified":"2023-08-07T16:09:40+00:00","mainEntityOfPage":{"@id":"https:\/\/senioridag.se\/halmstads-historia\/"},"wordCount":693,"commentCount":0,"publisher":{"@id":"http:\/\/senioridag.se\/sv_se\/#organization"},"image":{"@id":"https:\/\/senioridag.se\/halmstads-historia\/#primaryimage"},"thumbnailUrl":"https:\/\/media.senioridag.se\/2023\/07\/Grym-sjostad.png","articleSection":["Sverige"],"inLanguage":"en-GB","potentialAction":[{"@type":"CommentAction","name":"Comment","target":["https:\/\/senioridag.se\/halmstads-historia\/#respond"]}]},{"@type":"WebPage","@id":"https:\/\/senioridag.se\/halmstads-historia\/","url":"https:\/\/senioridag.se\/halmstads-historia\/","name":"Halmstads historia - 30 historiska fakta - Senior Idag","isPartOf":{"@id":"http:\/\/senioridag.se\/sv_se\/#website"},"primaryImageOfPage":{"@id":"https:\/\/senioridag.se\/halmstads-historia\/#primaryimage"},"image":{"@id":"https:\/\/senioridag.se\/halmstads-historia\/#primaryimage"},"thumbnailUrl":"https:\/\/media.senioridag.se\/2023\/07\/Grym-sjostad.png","datePublished":"2023-08-07T16:09:38+00:00","dateModified":"2023-08-07T16:09:40+00:00","description":"Halmstads historia och Halmstad har en medeltida historia som str\u00e4cker sig tillbaka till dess grundande p\u00e5 1200-talet.","breadcrumb":{"@id":"https:\/\/senioridag.se\/halmstads-historia\/#breadcrumb"},"inLanguage":"en-GB","potentialAction":[{"@type":"ReadAction","target":["https:\/\/senioridag.se\/halmstads-historia\/"]}]},{"@type":"ImageObject","inLanguage":"en-GB","@id":"https:\/\/senioridag.se\/halmstads-historia\/#primaryimage","url":"https:\/\/media.senioridag.se\/2023\/07\/Grym-sjostad.png","contentUrl":"https:\/\/media.senioridag.se\/2023\/07\/Grym-sjostad.png","width":1200,"height":675},{"@type":"BreadcrumbList","@id":"https:\/\/senioridag.se\/halmstads-historia\/#breadcrumb","itemListElement":[{"@type":"ListItem","position":1,"name":"Hem","item":"http:\/\/senioridag.se\/sv_se\/"},{"@type":"ListItem","position":2,"name":"Halmstads historia &#8211; 30 historiska fakta"}]},{"@type":"WebSite","@id":"http:\/\/senioridag.se\/sv_se\/#website","url":"http:\/\/senioridag.se\/sv_se\/","name":"Senior Idag","description":"","publisher":{"@id":"http:\/\/senioridag.se\/sv_se\/#organization"},"potentialAction":[{"@type":"SearchAction","target":{"@type":"EntryPoint","urlTemplate":"http:\/\/senioridag.se\/sv_se\/?s={search_term_string}"},"query-input":{"@type":"PropertyValueSpecification","valueRequired":true,"valueName":"search_term_string"}}],"inLanguage":"en-GB"},{"@type":"Organization","@id":"http:\/\/senioridag.se\/sv_se\/#organization","name":"Senior Idag","url":"http:\/\/senioridag.se\/sv_se\/","logo":{"@type":"ImageObject","inLanguage":"en-GB","@id":"http:\/\/senioridag.se\/sv_se\/#\/schema\/logo\/image\/","url":"https:\/\/media.senioridag.se\/2020\/12\/cropped-I-6.png","contentUrl":"https:\/\/media.senioridag.se\/2020\/12\/cropped-I-6.png","width":600,"height":600,"caption":"Senior Idag"},"image":{"@id":"http:\/\/senioridag.se\/sv_se\/#\/schema\/logo\/image\/"}},{"@type":"Person","@id":"http:\/\/senioridag.se\/sv_se\/#\/schema\/person\/0b62aa4624690f35cfe1b8d94577c866","name":"Admin","image":{"@type":"ImageObject","inLanguage":"en-GB","@id":"https:\/\/secure.gravatar.com\/avatar\/691c9308cc660d04c7862e80cbaadc7cd33af93df2c74a13be07c53be8778195?s=96&d=mm&r=g","url":"https:\/\/secure.gravatar.com\/avatar\/691c9308cc660d04c7862e80cbaadc7cd33af93df2c74a13be07c53be8778195?s=96&d=mm&r=g","contentUrl":"https:\/\/secure.gravatar.com\/avatar\/691c9308cc660d04c7862e80cbaadc7cd33af93df2c74a13be07c53be8778195?s=96&d=mm&r=g","caption":"Admin"},"sameAs":["https:\/\/senioridag.se"],"url":"https:\/\/senioridag.se\/en\/author\/peter\/"}]}},"uagb_featured_image_src":{"full":["https:\/\/media.senioridag.se\/2023\/07\/Grym-sjostad.png",1200,675,false],"thumbnail":["https:\/\/media.senioridag.se\/2023\/07\/Grym-sjostad-150x150.png",150,150,true],"medium":["https:\/\/media.senioridag.se\/2023\/07\/Grym-sjostad-300x169.png",300,169,true],"medium_large":["https:\/\/media.senioridag.se\/2023\/07\/Grym-sjostad-768x432.png",768,432,true],"large":["https:\/\/media.senioridag.se\/2023\/07\/Grym-sjostad-1024x576.png",770,433,true],"post-slider-thumb-size":["https:\/\/media.senioridag.se\/2023\/07\/Grym-sjostad-330x190.png",330,190,true],"post-category-slider-size":["https:\/\/media.senioridag.se\/2023\/07\/Grym-sjostad-330x350.png",330,350,true],"1536x1536":["https:\/\/media.senioridag.se\/2023\/07\/Grym-sjostad.png",1200,675,false],"2048x2048":["https:\/\/media.senioridag.se\/2023\/07\/Grym-sjostad.png",1200,675,false],"trp-custom-language-flag":["https:\/\/media.senioridag.se\/2023\/07\/Grym-sjostad-18x10.png",18,10,true],"vandana-lite-slider":["https:\/\/media.senioridag.se\/2023\/07\/Grym-sjostad-580x675.png",580,675,true],"vandana-lite-about":["https:\/\/media.senioridag.se\/2023\/07\/Grym-sjostad-500x675.png",500,675,true],"vandana-lite-service":["https:\/\/media.senioridag.se\/2023\/07\/Grym-sjostad-562x364.png",562,364,true],"vandana-lite-blog-sec":["https:\/\/media.senioridag.se\/2023\/07\/Grym-sjostad-570x333.png",570,333,true],"vandana-lite-blog":["https:\/\/media.senioridag.se\/2023\/07\/Grym-sjostad-770x450.png",770,450,true],"vandana-lite-blog-full":["https:\/\/media.senioridag.se\/2023\/07\/Grym-sjostad-1170x600.png",1170,600,true],"vandana-lite-blog-list":["https:\/\/media.senioridag.se\/2023\/07\/Grym-sjostad-280x300.png",280,300,true],"vandana-lite-blog-grid":["https:\/\/media.senioridag.se\/2023\/07\/Grym-sjostad-370x300.png",370,300,true]},"uagb_author_info":{"display_name":"Admin","author_link":"https:\/\/senioridag.se\/en\/author\/peter\/"},"uagb_comment_info":2,"uagb_excerpt":"Halmstads historia str\u00e4cker sig tillbaka till medeltiden d\u00e5 staden grundades p\u00e5 1200-talet. Under \u00e5ren har Halmstad genomg\u00e5tt krig och politiska f\u00f6r\u00e4ndringar, men har \u00e4ven blomstrat &hellip;","_links":{"self":[{"href":"https:\/\/senioridag.se\/en\/wp-json\/wp\/v2\/posts\/820","targetHints":{"allow":["GET"]}}],"collection":[{"href":"https:\/\/senioridag.se\/en\/wp-json\/wp\/v2\/posts"}],"about":[{"href":"https:\/\/senioridag.se\/en\/wp-json\/wp\/v2\/types\/post"}],"author":[{"embeddable":true,"href":"https:\/\/senioridag.se\/en\/wp-json\/wp\/v2\/users\/1"}],"replies":[{"embeddable":true,"href":"https:\/\/senioridag.se\/en\/wp-json\/wp\/v2\/comments?post=820"}],"version-history":[{"count":4,"href":"https:\/\/senioridag.se\/en\/wp-json\/wp\/v2\/posts\/820\/revisions"}],"predecessor-version":[{"id":1020,"href":"https:\/\/senioridag.se\/en\/wp-json\/wp\/v2\/posts\/820\/revisions\/1020"}],"wp:featuredmedia":[{"embeddable":true,"href":"https:\/\/senioridag.se\/en\/wp-json\/wp\/v2\/media\/923"}],"wp:attachment":[{"href":"https:\/\/senioridag.se\/en\/wp-json\/wp\/v2\/media?parent=820"}],"wp:term":[{"taxonomy":"category","embeddable":true,"href":"https:\/\/senioridag.se\/en\/wp-json\/wp\/v2\/categories?post=820"},{"taxonomy":"post_tag","embeddable":true,"href":"https:\/\/senioridag.se\/en\/wp-json\/wp\/v2\/tags?post=820"}],"curies":[{"name":"wp","href":"https:\/\/api.w.org\/{rel}","templated":true}]}}