{"id":814,"date":"2023-08-06T18:13:24","date_gmt":"2023-08-06T18:13:24","guid":{"rendered":"https:\/\/senioridag.se\/?p=814"},"modified":"2023-08-06T19:20:56","modified_gmt":"2023-08-06T19:20:56","slug":"falkenbergs-historia","status":"publish","type":"post","link":"https:\/\/senioridag.se\/en\/falkenbergs-historia\/","title":{"rendered":"Falkenbergs historia &#8211; 30 historiska fakta"},"content":{"rendered":"<p>Falkenbergs historia str\u00e4cker sig tillbaka till medeltiden d\u00e5 staden grundades p\u00e5 1200-talet. Under sin historia har Falkenberg p\u00e5verkats av krig, politiska f\u00f6r\u00e4ndringar och industriell utveckling. Staden har en l\u00e5ng tradition som fiskebygd och har genomg\u00e5tt en omvandling till en popul\u00e4r turistort med sina vackra str\u00e4nder och kustn\u00e4ra attraktioner.<\/p>\n\n\n\n<!--more-->\n\n\n\n<h2 class=\"wp-block-heading\">Falkenbergs historia<\/h2>\n\n\n\n<p>Falkenberg ligger i sydv\u00e4stra Sverige, vid Hallands kust l\u00e4ngs Kattegatts norra strand. Staden \u00e4r bel\u00e4gen i Hallands l\u00e4n och omges av vacker natur, med b\u00e5de havet och skogarna i n\u00e4rheten. Dess kustn\u00e4ra l\u00e4ge g\u00f6r Falkenberg till en attraktiv destination f\u00f6r b\u00e5de turister och boende som s\u00f6ker n\u00e4rhet till naturen och have<\/p>\n\n\n\n<figure class=\"wp-block-image size-large\"><img loading=\"lazy\" decoding=\"async\" width=\"1024\" height=\"576\" src=\"https:\/\/media.senioridag.se\/2023\/08\/Falkenberg-1024x576.png\" alt=\"Senioridag.se\" class=\"wp-image-962\" srcset=\"https:\/\/media.senioridag.se\/2023\/08\/Falkenberg-1024x576.png 1024w, https:\/\/media.senioridag.se\/2023\/08\/Falkenberg-300x169.png 300w, https:\/\/media.senioridag.se\/2023\/08\/Falkenberg-768x432.png 768w, https:\/\/media.senioridag.se\/2023\/08\/Falkenberg-18x10.png 18w, https:\/\/media.senioridag.se\/2023\/08\/Falkenberg.png 1200w\" sizes=\"auto, (max-width: 1024px) 100vw, 1024px\" \/><\/figure>\n\n\n\n<h2 class=\"wp-block-heading\"><strong>1. Forntida bos\u00e4ttning<\/strong><\/h2>\n\n\n\n<p>Falkenbergs omr\u00e5de har varit bebott sedan forntiden, med arkeologiska fynd fr\u00e5n sten\u00e5ldern och brons\u00e5ldern.<\/p>\n\n\n\n<h2 class=\"wp-block-heading\"><strong>2. Medeltida ursprung<\/strong><\/h2>\n\n\n\n<p>Falkenberg grundades som en medeltida stad p\u00e5 1200-talet och v\u00e4xte upp kring sin borg och handelsplats.<\/p>\n\n\n\n<h2 class=\"wp-block-heading\"><strong>3. Falkenbergs slott<\/strong><\/h2>\n\n\n\n<p>Falkenbergs slott, byggt under 1200-talet, var en viktig f\u00f6rsvarsstruktur l\u00e4ngs Hallands kust.<\/p>\n\n\n\n<h2 class=\"wp-block-heading\"><strong>4. Kalmarunionen<\/strong><\/h2>\n\n\n\n<p>Under medeltiden var Falkenberg en del av Kalmarunionen och p\u00e5verkades av unionens politiska f\u00f6r\u00e4ndringar.<\/p>\n\n\n\n<h2 class=\"wp-block-heading\"><strong>5. Nordiska sju\u00e5rskriget<\/strong><\/h2>\n\n\n\n<p>Falkenberg drabbades av kriget p\u00e5 1560-talet, d\u00e5 staden intogs och f\u00f6rst\u00f6rdes av dansk-norska trupper.<\/p>\n\n\n\n<h2 class=\"wp-block-heading\"><strong>6. Handel och sj\u00f6fart<\/strong><\/h2>\n\n\n\n<p>Falkenberg blomstrade som en handelsstad under medeltiden och hade en betydande roll i sj\u00f6farten.<\/p>\n\n\n\n<h2 class=\"wp-block-heading\"><strong>7. Danska tider<\/strong><\/h2>\n\n\n\n<p>Staden var under danskt styre i flera perioder, vilket p\u00e5verkade dess kultur och utveckling.<\/p>\n\n\n\n<h2 class=\"wp-block-heading\"><strong>8. Svensk-tyska krigen<\/strong><\/h2>\n\n\n\n<p>Falkenberg drabbades av strider under de svensk-tyska krigen p\u00e5 1600-talet.<\/p>\n\n\n\n<figure class=\"wp-block-image size-large\"><img loading=\"lazy\" decoding=\"async\" width=\"1024\" height=\"576\" src=\"https:\/\/media.senioridag.se\/2023\/08\/Krig-swe-nor-1-1024x576.png\" alt=\"Falkenbergs historia p\u00e5 Senioridag.se\" class=\"wp-image-961\" srcset=\"https:\/\/media.senioridag.se\/2023\/08\/Krig-swe-nor-1-1024x576.png 1024w, https:\/\/media.senioridag.se\/2023\/08\/Krig-swe-nor-1-300x169.png 300w, https:\/\/media.senioridag.se\/2023\/08\/Krig-swe-nor-1-768x432.png 768w, https:\/\/media.senioridag.se\/2023\/08\/Krig-swe-nor-1-18x10.png 18w, https:\/\/media.senioridag.se\/2023\/08\/Krig-swe-nor-1.png 1200w\" sizes=\"auto, (max-width: 1024px) 100vw, 1024px\" \/><\/figure>\n\n\n\n<h2 class=\"wp-block-heading\"><strong>9. Hallands \u00e5terf\u00f6rening med Sverige<\/strong><\/h2>\n\n\n\n<p>Efter freden i Roskilde 1658 \u00e5terf\u00f6renades Halland, inklusive Falkenberg, med Sverige.<\/p>\n\n\n\n<h2 class=\"wp-block-heading\"><strong>10. Skiftande gr\u00e4nser<\/strong><\/h2>\n\n\n\n<p>Falkenbergs gr\u00e4nser har varierat genom historien p\u00e5 grund av politiska och territoriella f\u00f6r\u00e4ndringar.<\/p>\n\n\n\n<h2 class=\"wp-block-heading\"><strong>11. Industrialisering<\/strong><\/h2>\n\n\n\n<p>P\u00e5 1800-talet genomgick Falkenberg en industrialisering med utvecklingen av textilindustrin och tr\u00e4varuhandeln.<\/p>\n\n\n\n<h2 class=\"wp-block-heading\"><strong>12. J\u00e4rnv\u00e4gens ankomst<\/strong><\/h2>\n\n\n\n<p>J\u00e4rnv\u00e4gen n\u00e5dde Falkenberg p\u00e5 1800-talet och f\u00f6rb\u00e4ttrade stadens kommunikationer och handel.<\/p>\n\n\n\n<h2 class=\"wp-block-heading\"><strong>13. Andra v\u00e4rldskriget<\/strong><\/h2>\n\n\n\n<p>Falkenberg p\u00e5verkades indirekt av andra v\u00e4rldskriget genom ransonering och andra krigs\u00e5tg\u00e4rder.<\/p>\n\n\n\n<h2 class=\"wp-block-heading\"><strong>14. Kustf\u00f6rst\u00e4rkning<\/strong><\/h2>\n\n\n\n<p>Falkenberg har historiskt k\u00e4mpat mot erosion och stormar l\u00e4ngs kusten, vilket ledde till flera kustf\u00f6rst\u00e4rkningsprojekt.<\/p>\n\n\n\n<h2 class=\"wp-block-heading\"><strong>15. Turismens utveckling<\/strong><\/h2>\n\n\n\n<p>P\u00e5 1900-talet v\u00e4xte Falkenberg som turistort, lockande bes\u00f6kare till sina str\u00e4nder och kustn\u00e4ra attraktioner.<\/p>\n\n\n\n<figure class=\"wp-block-image size-large\"><img loading=\"lazy\" decoding=\"async\" width=\"1024\" height=\"576\" src=\"https:\/\/media.senioridag.se\/2023\/08\/Sol-och-bad-2-1024x576.png\" alt=\"Falkenbergs historia p\u00e5 Senioridag.se\" class=\"wp-image-963\" srcset=\"https:\/\/media.senioridag.se\/2023\/08\/Sol-och-bad-2-1024x576.png 1024w, https:\/\/media.senioridag.se\/2023\/08\/Sol-och-bad-2-300x169.png 300w, https:\/\/media.senioridag.se\/2023\/08\/Sol-och-bad-2-768x432.png 768w, https:\/\/media.senioridag.se\/2023\/08\/Sol-och-bad-2-18x10.png 18w, https:\/\/media.senioridag.se\/2023\/08\/Sol-och-bad-2.png 1200w\" sizes=\"auto, (max-width: 1024px) 100vw, 1024px\" \/><\/figure>\n\n\n\n<h2 class=\"wp-block-heading\"><strong>16. Falkenbergs museum<\/strong><\/h2>\n\n\n\n<p>Staden har ett museum som bevarar och visar stadens historia och kulturella arv.<\/p>\n\n\n\n<h2 class=\"wp-block-heading\"><strong>17. Varvsindustrin<\/strong><\/h2>\n\n\n\n<p>Falkenberg hade en varvsindustri som blomstrade under 1800-1900-talet och bidrog till stadens ekonomi.<\/p>\n\n\n\n<h2 class=\"wp-block-heading\"><strong>18. Kyrkornas historia<\/strong><\/h2>\n\n\n\n<p>Falkenberg har flera vackra kyrkor som vittnar om stadens religi\u00f6sa och arkitektoniska arv.<\/p>\n\n\n\n<h2 class=\"wp-block-heading\"><strong>19. Folkliga traditioner<\/strong><\/h2>\n\n\n\n<p>Falkenberg har rika folkliga traditioner, inklusive midsommarfirande och andra kulturella evenemang.<\/p>\n\n\n\n<h2 class=\"wp-block-heading\"><strong>20. Badortens utveckling<\/strong><\/h2>\n\n\n\n<p>Falkenberg blev allt mer popul\u00e4rt som badort p\u00e5 1900-talet, och turismen blomstrade.<\/p>\n\n\n\n<figure class=\"wp-block-image size-large\"><img loading=\"lazy\" decoding=\"async\" width=\"1024\" height=\"576\" src=\"https:\/\/media.senioridag.se\/2023\/08\/Spa-17-1024x576.png\" alt=\"Falkenbergs historia p\u00e5 Senioridag.se\" class=\"wp-image-964\" srcset=\"https:\/\/media.senioridag.se\/2023\/08\/Spa-17-1024x576.png 1024w, https:\/\/media.senioridag.se\/2023\/08\/Spa-17-300x169.png 300w, https:\/\/media.senioridag.se\/2023\/08\/Spa-17-768x432.png 768w, https:\/\/media.senioridag.se\/2023\/08\/Spa-17-18x10.png 18w, https:\/\/media.senioridag.se\/2023\/08\/Spa-17.png 1200w\" sizes=\"auto, (max-width: 1024px) 100vw, 1024px\" \/><\/figure>\n\n\n\n<h2 class=\"wp-block-heading\"><strong>21. Strids\u00e5tg\u00e4rder i Skottorps skogen<\/strong><\/h2>\n\n\n\n<p>Under b\u00f6rjan av 1900-talet \u00e4gde oroligheter rum i Skottorps skogen mellan strejkande arbetare och milit\u00e4r.<\/p>\n\n\n\n<h2 class=\"wp-block-heading\"><strong>22. Falkenberg som handelsplats<\/strong><\/h2>\n\n\n\n<p>Staden har historiskt varit en viktig handelsplats f\u00f6r omgivande landsbygd.<\/p>\n\n\n\n<h2 class=\"wp-block-heading\"><strong>23. Folkvandringstiden<\/strong><\/h2>\n\n\n\n<p>Falkenbergs omr\u00e5de p\u00e5verkades under folkvandringstiden av germanska folkstammar.<\/p>\n\n\n\n<h2 class=\"wp-block-heading\"><strong>24. Stadsprivilegier<\/strong><\/h2>\n\n\n\n<p>Falkenberg fick stadsprivilegier under medeltiden, vilket gav stadens inv\u00e5nare s\u00e4rskilda r\u00e4ttigheter och skyldigheter.<\/p>\n\n\n\n<h2 class=\"wp-block-heading\"><strong>25. Slaveriets avskaffande<\/strong><\/h2>\n\n\n\n<p>Sverige avskaffade slaveriet 1335, vilket ocks\u00e5 p\u00e5verkade Falkenberg och dess omgivningar.<\/p>\n\n\n\n<h2 class=\"wp-block-heading\"><strong>26. Kultur och konst<\/strong><\/h2>\n\n\n\n<p>Falkenberg har en rik kultur- och konsthistoria, med kreativa individer och evenemang som berikar staden.<\/p>\n\n\n\n<figure class=\"wp-block-image size-large\"><img loading=\"lazy\" decoding=\"async\" width=\"1024\" height=\"576\" src=\"https:\/\/media.senioridag.se\/2023\/08\/Malare-staffli-5-1024x576.png\" alt=\"Falkenbergs historia p\u00e5 Senioridag.se\" class=\"wp-image-965\" srcset=\"https:\/\/media.senioridag.se\/2023\/08\/Malare-staffli-5-1024x576.png 1024w, https:\/\/media.senioridag.se\/2023\/08\/Malare-staffli-5-300x169.png 300w, https:\/\/media.senioridag.se\/2023\/08\/Malare-staffli-5-768x432.png 768w, https:\/\/media.senioridag.se\/2023\/08\/Malare-staffli-5-18x10.png 18w, https:\/\/media.senioridag.se\/2023\/08\/Malare-staffli-5.png 1200w\" sizes=\"auto, (max-width: 1024px) 100vw, 1024px\" \/><\/figure>\n\n\n\n<h2 class=\"wp-block-heading\"><strong>27. Kvarvarande historiska byggnader<\/strong><\/h2>\n\n\n\n<p>Falkenberg har flera v\u00e4lbevarade historiska byggnader som vittnar om stadens l\u00e5nga historia.<\/p>\n\n\n\n<h2 class=\"wp-block-heading\"><strong>28. Stadens namnursprung<\/strong><\/h2>\n\n\n\n<p>Namnet &#8221;Falkenberg&#8221; h\u00e4rstammar troligtvis fr\u00e5n ordet &#8221;falk&#8221; och syftar p\u00e5 ett falkfj\u00e4ll i n\u00e4rheten.<\/p>\n\n\n\n<h2 class=\"wp-block-heading\"><strong>29. Falkenbergs f\u00e4stning<\/strong><\/h2>\n\n\n\n<p>P\u00e5 1300-talet byggdes en f\u00e4stning i Falkenberg f\u00f6r att f\u00f6rsvara staden mot potentiella hot.<\/p>\n\n\n\n<h2 class=\"wp-block-heading\"><strong>30. Nutida utveckling<\/strong><\/h2>\n\n\n\n<p>Idag \u00e4r Falkenberg en modern stad som balanserar sin rika historia med en fram\u00e5tblickande framtid och en blomstrande turism- och handelssektor.<\/p>\n\n\n\n<h2 class=\"wp-block-heading\">Falkenbergs historia<\/h2>\n\n\n\n<p>Efter Falkenbergs historia kanske du vill veta vad du kan se och\u00a0<a href=\"https:\/\/www.freedomtravel.se\/2021\/12\/gora-i-falkenberg\/\" target=\"_blank\" rel=\"noreferrer noopener\">g\u00f6ra i Falkenberg<\/a>\u00a0eller s\u00e5 kanske du vill l\u00e4sa mer om\u00a0<a href=\"https:\/\/senioridag.se\/en\/grebbestads-historia\/\">Grebbestads historia<\/a><\/p>\n\n\n\n<figure class=\"wp-block-image size-full\"><img loading=\"lazy\" decoding=\"async\" width=\"1024\" height=\"576\" src=\"https:\/\/media.senioridag.se\/2023\/07\/Vastkust.png\" alt=\"Senioridag.se\" class=\"wp-image-922\" srcset=\"https:\/\/media.senioridag.se\/2023\/07\/Vastkust.png 1024w, https:\/\/media.senioridag.se\/2023\/07\/Vastkust-300x169.png 300w, https:\/\/media.senioridag.se\/2023\/07\/Vastkust-768x432.png 768w, https:\/\/media.senioridag.se\/2023\/07\/Vastkust-18x10.png 18w\" sizes=\"auto, (max-width: 1024px) 100vw, 1024px\" \/><\/figure>","protected":false},"excerpt":{"rendered":"<p>Falkenbergs historia str\u00e4cker sig tillbaka till medeltiden d\u00e5 staden grundades p\u00e5 1200-talet. Under sin historia har Falkenberg p\u00e5verkats av krig, politiska f\u00f6r\u00e4ndringar och industriell utveckling. &hellip; <\/p>","protected":false},"author":1,"featured_media":913,"comment_status":"open","ping_status":"open","sticky":false,"template":"","format":"standard","meta":{"_uag_custom_page_level_css":"","footnotes":""},"categories":[4],"tags":[],"class_list":["post-814","post","type-post","status-publish","format-standard","has-post-thumbnail","hentry","category-sverige"],"yoast_head":"<!-- This site is optimized with the Yoast SEO plugin v27.5 - https:\/\/yoast.com\/product\/yoast-seo-wordpress\/ -->\n<title>Falkenbergs historia - 30 historiska fakta - Senior Idag<\/title>\n<meta name=\"description\" content=\"Falkenbergs historia och Falkenberg har en medeltida historia som str\u00e4cker sig tillbaka till dess grundande p\u00e5 1200-talet\" \/>\n<meta name=\"robots\" content=\"index, follow, max-snippet:-1, max-image-preview:large, max-video-preview:-1\" \/>\n<link rel=\"canonical\" href=\"https:\/\/senioridag.se\/en\/falkenbergs-historia\/\" \/>\n<meta property=\"og:locale\" content=\"en_GB\" \/>\n<meta property=\"og:type\" content=\"article\" \/>\n<meta property=\"og:title\" content=\"Falkenbergs historia - 30 historiska fakta - Senior Idag\" \/>\n<meta property=\"og:description\" content=\"Falkenbergs historia och Falkenberg har en medeltida historia som str\u00e4cker sig tillbaka till dess grundande p\u00e5 1200-talet\" \/>\n<meta property=\"og:url\" content=\"https:\/\/senioridag.se\/en\/falkenbergs-historia\/\" \/>\n<meta property=\"og:site_name\" content=\"Senior Idag\" \/>\n<meta property=\"article:published_time\" content=\"2023-08-06T18:13:24+00:00\" \/>\n<meta property=\"article:modified_time\" content=\"2023-08-06T19:20:56+00:00\" \/>\n<meta property=\"og:image\" content=\"https:\/\/media.senioridag.se\/2023\/07\/Falkenberg-forsta.png\" \/>\n\t<meta property=\"og:image:width\" content=\"1200\" \/>\n\t<meta property=\"og:image:height\" content=\"675\" \/>\n\t<meta property=\"og:image:type\" content=\"image\/png\" \/>\n<meta name=\"author\" content=\"Admin\" \/>\n<meta name=\"twitter:card\" content=\"summary_large_image\" \/>\n<meta name=\"twitter:label1\" content=\"Written by\" \/>\n\t<meta name=\"twitter:data1\" content=\"Admin\" \/>\n\t<meta name=\"twitter:label2\" content=\"Estimated reading time\" \/>\n\t<meta name=\"twitter:data2\" content=\"5 minutes\" \/>\n<script type=\"application\/ld+json\" class=\"yoast-schema-graph\">{\"@context\":\"https:\\\/\\\/schema.org\",\"@graph\":[{\"@type\":\"Article\",\"@id\":\"https:\\\/\\\/senioridag.se\\\/falkenbergs-historia\\\/#article\",\"isPartOf\":{\"@id\":\"https:\\\/\\\/senioridag.se\\\/falkenbergs-historia\\\/\"},\"author\":{\"name\":\"Admin\",\"@id\":\"http:\\\/\\\/senioridag.se\\\/sv_se\\\/#\\\/schema\\\/person\\\/0b62aa4624690f35cfe1b8d94577c866\"},\"headline\":\"Falkenbergs historia &#8211; 30 historiska fakta\",\"datePublished\":\"2023-08-06T18:13:24+00:00\",\"dateModified\":\"2023-08-06T19:20:56+00:00\",\"mainEntityOfPage\":{\"@id\":\"https:\\\/\\\/senioridag.se\\\/falkenbergs-historia\\\/\"},\"wordCount\":678,\"commentCount\":0,\"publisher\":{\"@id\":\"http:\\\/\\\/senioridag.se\\\/sv_se\\\/#organization\"},\"image\":{\"@id\":\"https:\\\/\\\/senioridag.se\\\/falkenbergs-historia\\\/#primaryimage\"},\"thumbnailUrl\":\"https:\\\/\\\/media.senioridag.se\\\/2023\\\/07\\\/Falkenberg-forsta.png\",\"articleSection\":[\"Sverige\"],\"inLanguage\":\"en-GB\",\"potentialAction\":[{\"@type\":\"CommentAction\",\"name\":\"Comment\",\"target\":[\"https:\\\/\\\/senioridag.se\\\/falkenbergs-historia\\\/#respond\"]}]},{\"@type\":\"WebPage\",\"@id\":\"https:\\\/\\\/senioridag.se\\\/falkenbergs-historia\\\/\",\"url\":\"https:\\\/\\\/senioridag.se\\\/falkenbergs-historia\\\/\",\"name\":\"Falkenbergs historia - 30 historiska fakta - Senior Idag\",\"isPartOf\":{\"@id\":\"http:\\\/\\\/senioridag.se\\\/sv_se\\\/#website\"},\"primaryImageOfPage\":{\"@id\":\"https:\\\/\\\/senioridag.se\\\/falkenbergs-historia\\\/#primaryimage\"},\"image\":{\"@id\":\"https:\\\/\\\/senioridag.se\\\/falkenbergs-historia\\\/#primaryimage\"},\"thumbnailUrl\":\"https:\\\/\\\/media.senioridag.se\\\/2023\\\/07\\\/Falkenberg-forsta.png\",\"datePublished\":\"2023-08-06T18:13:24+00:00\",\"dateModified\":\"2023-08-06T19:20:56+00:00\",\"description\":\"Falkenbergs historia och Falkenberg har en medeltida historia som str\u00e4cker sig tillbaka till dess grundande p\u00e5 1200-talet\",\"breadcrumb\":{\"@id\":\"https:\\\/\\\/senioridag.se\\\/falkenbergs-historia\\\/#breadcrumb\"},\"inLanguage\":\"en-GB\",\"potentialAction\":[{\"@type\":\"ReadAction\",\"target\":[\"https:\\\/\\\/senioridag.se\\\/falkenbergs-historia\\\/\"]}]},{\"@type\":\"ImageObject\",\"inLanguage\":\"en-GB\",\"@id\":\"https:\\\/\\\/senioridag.se\\\/falkenbergs-historia\\\/#primaryimage\",\"url\":\"https:\\\/\\\/media.senioridag.se\\\/2023\\\/07\\\/Falkenberg-forsta.png\",\"contentUrl\":\"https:\\\/\\\/media.senioridag.se\\\/2023\\\/07\\\/Falkenberg-forsta.png\",\"width\":1200,\"height\":675},{\"@type\":\"BreadcrumbList\",\"@id\":\"https:\\\/\\\/senioridag.se\\\/falkenbergs-historia\\\/#breadcrumb\",\"itemListElement\":[{\"@type\":\"ListItem\",\"position\":1,\"name\":\"Hem\",\"item\":\"http:\\\/\\\/senioridag.se\\\/sv_se\\\/\"},{\"@type\":\"ListItem\",\"position\":2,\"name\":\"Falkenbergs historia &#8211; 30 historiska fakta\"}]},{\"@type\":\"WebSite\",\"@id\":\"http:\\\/\\\/senioridag.se\\\/sv_se\\\/#website\",\"url\":\"http:\\\/\\\/senioridag.se\\\/sv_se\\\/\",\"name\":\"Senior Idag\",\"description\":\"\",\"publisher\":{\"@id\":\"http:\\\/\\\/senioridag.se\\\/sv_se\\\/#organization\"},\"potentialAction\":[{\"@type\":\"SearchAction\",\"target\":{\"@type\":\"EntryPoint\",\"urlTemplate\":\"http:\\\/\\\/senioridag.se\\\/sv_se\\\/?s={search_term_string}\"},\"query-input\":{\"@type\":\"PropertyValueSpecification\",\"valueRequired\":true,\"valueName\":\"search_term_string\"}}],\"inLanguage\":\"en-GB\"},{\"@type\":\"Organization\",\"@id\":\"http:\\\/\\\/senioridag.se\\\/sv_se\\\/#organization\",\"name\":\"Senior Idag\",\"url\":\"http:\\\/\\\/senioridag.se\\\/sv_se\\\/\",\"logo\":{\"@type\":\"ImageObject\",\"inLanguage\":\"en-GB\",\"@id\":\"http:\\\/\\\/senioridag.se\\\/sv_se\\\/#\\\/schema\\\/logo\\\/image\\\/\",\"url\":\"https:\\\/\\\/media.senioridag.se\\\/2020\\\/12\\\/cropped-I-6.png\",\"contentUrl\":\"https:\\\/\\\/media.senioridag.se\\\/2020\\\/12\\\/cropped-I-6.png\",\"width\":600,\"height\":600,\"caption\":\"Senior Idag\"},\"image\":{\"@id\":\"http:\\\/\\\/senioridag.se\\\/sv_se\\\/#\\\/schema\\\/logo\\\/image\\\/\"}},{\"@type\":\"Person\",\"@id\":\"http:\\\/\\\/senioridag.se\\\/sv_se\\\/#\\\/schema\\\/person\\\/0b62aa4624690f35cfe1b8d94577c866\",\"name\":\"Admin\",\"image\":{\"@type\":\"ImageObject\",\"inLanguage\":\"en-GB\",\"@id\":\"https:\\\/\\\/secure.gravatar.com\\\/avatar\\\/691c9308cc660d04c7862e80cbaadc7cd33af93df2c74a13be07c53be8778195?s=96&d=mm&r=g\",\"url\":\"https:\\\/\\\/secure.gravatar.com\\\/avatar\\\/691c9308cc660d04c7862e80cbaadc7cd33af93df2c74a13be07c53be8778195?s=96&d=mm&r=g\",\"contentUrl\":\"https:\\\/\\\/secure.gravatar.com\\\/avatar\\\/691c9308cc660d04c7862e80cbaadc7cd33af93df2c74a13be07c53be8778195?s=96&d=mm&r=g\",\"caption\":\"Admin\"},\"sameAs\":[\"https:\\\/\\\/senioridag.se\"],\"url\":\"https:\\\/\\\/senioridag.se\\\/en\\\/author\\\/peter\\\/\"}]}<\/script>\n<!-- \/ Yoast SEO plugin. -->","yoast_head_json":{"title":"Falkenbergs historia - 30 historiska fakta - Senior Idag","description":"Falkenbergs historia och Falkenberg har en medeltida historia som str\u00e4cker sig tillbaka till dess grundande p\u00e5 1200-talet","robots":{"index":"index","follow":"follow","max-snippet":"max-snippet:-1","max-image-preview":"max-image-preview:large","max-video-preview":"max-video-preview:-1"},"canonical":"https:\/\/senioridag.se\/en\/falkenbergs-historia\/","og_locale":"en_GB","og_type":"article","og_title":"Falkenbergs historia - 30 historiska fakta - Senior Idag","og_description":"Falkenbergs historia och Falkenberg har en medeltida historia som str\u00e4cker sig tillbaka till dess grundande p\u00e5 1200-talet","og_url":"https:\/\/senioridag.se\/en\/falkenbergs-historia\/","og_site_name":"Senior Idag","article_published_time":"2023-08-06T18:13:24+00:00","article_modified_time":"2023-08-06T19:20:56+00:00","og_image":[{"width":1200,"height":675,"url":"https:\/\/media.senioridag.se\/2023\/07\/Falkenberg-forsta.png","type":"image\/png"}],"author":"Admin","twitter_card":"summary_large_image","twitter_misc":{"Written by":"Admin","Estimated reading time":"5 minutes"},"schema":{"@context":"https:\/\/schema.org","@graph":[{"@type":"Article","@id":"https:\/\/senioridag.se\/falkenbergs-historia\/#article","isPartOf":{"@id":"https:\/\/senioridag.se\/falkenbergs-historia\/"},"author":{"name":"Admin","@id":"http:\/\/senioridag.se\/sv_se\/#\/schema\/person\/0b62aa4624690f35cfe1b8d94577c866"},"headline":"Falkenbergs historia &#8211; 30 historiska fakta","datePublished":"2023-08-06T18:13:24+00:00","dateModified":"2023-08-06T19:20:56+00:00","mainEntityOfPage":{"@id":"https:\/\/senioridag.se\/falkenbergs-historia\/"},"wordCount":678,"commentCount":0,"publisher":{"@id":"http:\/\/senioridag.se\/sv_se\/#organization"},"image":{"@id":"https:\/\/senioridag.se\/falkenbergs-historia\/#primaryimage"},"thumbnailUrl":"https:\/\/media.senioridag.se\/2023\/07\/Falkenberg-forsta.png","articleSection":["Sverige"],"inLanguage":"en-GB","potentialAction":[{"@type":"CommentAction","name":"Comment","target":["https:\/\/senioridag.se\/falkenbergs-historia\/#respond"]}]},{"@type":"WebPage","@id":"https:\/\/senioridag.se\/falkenbergs-historia\/","url":"https:\/\/senioridag.se\/falkenbergs-historia\/","name":"Falkenbergs historia - 30 historiska fakta - Senior Idag","isPartOf":{"@id":"http:\/\/senioridag.se\/sv_se\/#website"},"primaryImageOfPage":{"@id":"https:\/\/senioridag.se\/falkenbergs-historia\/#primaryimage"},"image":{"@id":"https:\/\/senioridag.se\/falkenbergs-historia\/#primaryimage"},"thumbnailUrl":"https:\/\/media.senioridag.se\/2023\/07\/Falkenberg-forsta.png","datePublished":"2023-08-06T18:13:24+00:00","dateModified":"2023-08-06T19:20:56+00:00","description":"Falkenbergs historia och Falkenberg har en medeltida historia som str\u00e4cker sig tillbaka till dess grundande p\u00e5 1200-talet","breadcrumb":{"@id":"https:\/\/senioridag.se\/falkenbergs-historia\/#breadcrumb"},"inLanguage":"en-GB","potentialAction":[{"@type":"ReadAction","target":["https:\/\/senioridag.se\/falkenbergs-historia\/"]}]},{"@type":"ImageObject","inLanguage":"en-GB","@id":"https:\/\/senioridag.se\/falkenbergs-historia\/#primaryimage","url":"https:\/\/media.senioridag.se\/2023\/07\/Falkenberg-forsta.png","contentUrl":"https:\/\/media.senioridag.se\/2023\/07\/Falkenberg-forsta.png","width":1200,"height":675},{"@type":"BreadcrumbList","@id":"https:\/\/senioridag.se\/falkenbergs-historia\/#breadcrumb","itemListElement":[{"@type":"ListItem","position":1,"name":"Hem","item":"http:\/\/senioridag.se\/sv_se\/"},{"@type":"ListItem","position":2,"name":"Falkenbergs historia &#8211; 30 historiska fakta"}]},{"@type":"WebSite","@id":"http:\/\/senioridag.se\/sv_se\/#website","url":"http:\/\/senioridag.se\/sv_se\/","name":"Senior Idag","description":"","publisher":{"@id":"http:\/\/senioridag.se\/sv_se\/#organization"},"potentialAction":[{"@type":"SearchAction","target":{"@type":"EntryPoint","urlTemplate":"http:\/\/senioridag.se\/sv_se\/?s={search_term_string}"},"query-input":{"@type":"PropertyValueSpecification","valueRequired":true,"valueName":"search_term_string"}}],"inLanguage":"en-GB"},{"@type":"Organization","@id":"http:\/\/senioridag.se\/sv_se\/#organization","name":"Senior Idag","url":"http:\/\/senioridag.se\/sv_se\/","logo":{"@type":"ImageObject","inLanguage":"en-GB","@id":"http:\/\/senioridag.se\/sv_se\/#\/schema\/logo\/image\/","url":"https:\/\/media.senioridag.se\/2020\/12\/cropped-I-6.png","contentUrl":"https:\/\/media.senioridag.se\/2020\/12\/cropped-I-6.png","width":600,"height":600,"caption":"Senior Idag"},"image":{"@id":"http:\/\/senioridag.se\/sv_se\/#\/schema\/logo\/image\/"}},{"@type":"Person","@id":"http:\/\/senioridag.se\/sv_se\/#\/schema\/person\/0b62aa4624690f35cfe1b8d94577c866","name":"Admin","image":{"@type":"ImageObject","inLanguage":"en-GB","@id":"https:\/\/secure.gravatar.com\/avatar\/691c9308cc660d04c7862e80cbaadc7cd33af93df2c74a13be07c53be8778195?s=96&d=mm&r=g","url":"https:\/\/secure.gravatar.com\/avatar\/691c9308cc660d04c7862e80cbaadc7cd33af93df2c74a13be07c53be8778195?s=96&d=mm&r=g","contentUrl":"https:\/\/secure.gravatar.com\/avatar\/691c9308cc660d04c7862e80cbaadc7cd33af93df2c74a13be07c53be8778195?s=96&d=mm&r=g","caption":"Admin"},"sameAs":["https:\/\/senioridag.se"],"url":"https:\/\/senioridag.se\/en\/author\/peter\/"}]}},"uagb_featured_image_src":{"full":["https:\/\/media.senioridag.se\/2023\/07\/Falkenberg-forsta.png",1200,675,false],"thumbnail":["https:\/\/media.senioridag.se\/2023\/07\/Falkenberg-forsta-150x150.png",150,150,true],"medium":["https:\/\/media.senioridag.se\/2023\/07\/Falkenberg-forsta-300x169.png",300,169,true],"medium_large":["https:\/\/media.senioridag.se\/2023\/07\/Falkenberg-forsta-768x432.png",768,432,true],"large":["https:\/\/media.senioridag.se\/2023\/07\/Falkenberg-forsta-1024x576.png",770,433,true],"post-slider-thumb-size":["https:\/\/media.senioridag.se\/2023\/07\/Falkenberg-forsta-330x190.png",330,190,true],"post-category-slider-size":["https:\/\/media.senioridag.se\/2023\/07\/Falkenberg-forsta-330x350.png",330,350,true],"1536x1536":["https:\/\/media.senioridag.se\/2023\/07\/Falkenberg-forsta.png",1200,675,false],"2048x2048":["https:\/\/media.senioridag.se\/2023\/07\/Falkenberg-forsta.png",1200,675,false],"trp-custom-language-flag":["https:\/\/media.senioridag.se\/2023\/07\/Falkenberg-forsta-18x10.png",18,10,true],"vandana-lite-slider":["https:\/\/media.senioridag.se\/2023\/07\/Falkenberg-forsta-580x675.png",580,675,true],"vandana-lite-about":["https:\/\/media.senioridag.se\/2023\/07\/Falkenberg-forsta-500x675.png",500,675,true],"vandana-lite-service":["https:\/\/media.senioridag.se\/2023\/07\/Falkenberg-forsta-562x364.png",562,364,true],"vandana-lite-blog-sec":["https:\/\/media.senioridag.se\/2023\/07\/Falkenberg-forsta-570x333.png",570,333,true],"vandana-lite-blog":["https:\/\/media.senioridag.se\/2023\/07\/Falkenberg-forsta-770x450.png",770,450,true],"vandana-lite-blog-full":["https:\/\/media.senioridag.se\/2023\/07\/Falkenberg-forsta-1170x600.png",1170,600,true],"vandana-lite-blog-list":["https:\/\/media.senioridag.se\/2023\/07\/Falkenberg-forsta-280x300.png",280,300,true],"vandana-lite-blog-grid":["https:\/\/media.senioridag.se\/2023\/07\/Falkenberg-forsta-370x300.png",370,300,true]},"uagb_author_info":{"display_name":"Admin","author_link":"https:\/\/senioridag.se\/en\/author\/peter\/"},"uagb_comment_info":0,"uagb_excerpt":"Falkenbergs historia str\u00e4cker sig tillbaka till medeltiden d\u00e5 staden grundades p\u00e5 1200-talet. Under sin historia har Falkenberg p\u00e5verkats av krig, politiska f\u00f6r\u00e4ndringar och industriell utveckling. &hellip;","_links":{"self":[{"href":"https:\/\/senioridag.se\/en\/wp-json\/wp\/v2\/posts\/814","targetHints":{"allow":["GET"]}}],"collection":[{"href":"https:\/\/senioridag.se\/en\/wp-json\/wp\/v2\/posts"}],"about":[{"href":"https:\/\/senioridag.se\/en\/wp-json\/wp\/v2\/types\/post"}],"author":[{"embeddable":true,"href":"https:\/\/senioridag.se\/en\/wp-json\/wp\/v2\/users\/1"}],"replies":[{"embeddable":true,"href":"https:\/\/senioridag.se\/en\/wp-json\/wp\/v2\/comments?post=814"}],"version-history":[{"count":7,"href":"https:\/\/senioridag.se\/en\/wp-json\/wp\/v2\/posts\/814\/revisions"}],"predecessor-version":[{"id":987,"href":"https:\/\/senioridag.se\/en\/wp-json\/wp\/v2\/posts\/814\/revisions\/987"}],"wp:featuredmedia":[{"embeddable":true,"href":"https:\/\/senioridag.se\/en\/wp-json\/wp\/v2\/media\/913"}],"wp:attachment":[{"href":"https:\/\/senioridag.se\/en\/wp-json\/wp\/v2\/media?parent=814"}],"wp:term":[{"taxonomy":"category","embeddable":true,"href":"https:\/\/senioridag.se\/en\/wp-json\/wp\/v2\/categories?post=814"},{"taxonomy":"post_tag","embeddable":true,"href":"https:\/\/senioridag.se\/en\/wp-json\/wp\/v2\/tags?post=814"}],"curies":[{"name":"wp","href":"https:\/\/api.w.org\/{rel}","templated":true}]}}