{"id":552,"date":"2023-07-26T18:59:38","date_gmt":"2023-07-26T18:59:38","guid":{"rendered":"https:\/\/senioridag.se\/?p=552"},"modified":"2023-07-26T19:12:45","modified_gmt":"2023-07-26T19:12:45","slug":"sigtunas-historia","status":"publish","type":"post","link":"https:\/\/senioridag.se\/en\/sigtunas-historia\/","title":{"rendered":"Sigtunas historia &#8211; 30 historiska fakta"},"content":{"rendered":"<p>Sigtunas Historia och Sigtuna grundades p\u00e5 900-talet och blev Sveriges f\u00f6rsta stad samt var en viktig handelsplats under vikingatiden. Staden spelade en central roll i kristnandet av Sverige och hade en blomstrande kulturell och ekonomisk period under medeltiden. Idag bevaras stadens historiska arv genom arkeologiska fynd och bevarade byggnader, vilket lockar bes\u00f6kare fr\u00e5n n\u00e4r och fj\u00e4rran.<\/p>\n\n\n\n<!--more-->\n\n\n\n<h2 class=\"wp-block-heading\">Sigtunas historia<\/h2>\n\n\n\n<p>Sigtuna ligger i Sverige, i Stockholms l\u00e4n. Staden \u00e4r bel\u00e4gen vid M\u00e4larens norra strand, cirka 40 kilometer nordv\u00e4st om Stockholm. Med sin historiska charm och n\u00e4rhet till M\u00e4laren och naturen \u00e4r Sigtuna en popul\u00e4r destination f\u00f6r b\u00e5de lokalbefolkning och turister.<\/p>\n\n\n\n<figure class=\"wp-block-image size-large\"><img loading=\"lazy\" decoding=\"async\" width=\"1024\" height=\"576\" src=\"https:\/\/media.senioridag.se\/2023\/07\/Vikingar-1024x576.png\" alt=\"Sigtunas historia p\u00e5 Senioridag.se\" class=\"wp-image-469\" srcset=\"https:\/\/media.senioridag.se\/2023\/07\/Vikingar-1024x576.png 1024w, https:\/\/media.senioridag.se\/2023\/07\/Vikingar-300x169.png 300w, https:\/\/media.senioridag.se\/2023\/07\/Vikingar-768x432.png 768w, https:\/\/media.senioridag.se\/2023\/07\/Vikingar-18x10.png 18w, https:\/\/media.senioridag.se\/2023\/07\/Vikingar.png 1200w\" sizes=\"auto, (max-width: 1024px) 100vw, 1024px\" \/><\/figure>\n\n\n\n<h2 class=\"wp-block-heading\">1. Vikingatidens betydelse<\/h2>\n\n\n\n<p>Sigtuna grundades under vikingatiden p\u00e5 900-talet och blev en viktig handelsplats.<\/p>\n\n\n\n<h2 class=\"wp-block-heading\">2. Sveriges f\u00f6rsta stad<\/h2>\n\n\n\n<p>Sigtuna var Sveriges f\u00f6rsta stad och var huvudstad i landet innan Stockholm.<\/p>\n\n\n\n<h2 class=\"wp-block-heading\">3. Kristnandet av Sverige<\/h2>\n\n\n\n<p>Sigtuna spelade en central roll i kristnandet av Sverige och var en tidig biskopsstad.<\/p>\n\n\n\n<h2 class=\"wp-block-heading\">4. Bl\u00fccherfejden<\/h2>\n\n\n\n<p>Staden drabbades av Bl\u00fccherfejden p\u00e5 1500-talet, vilket ledde till f\u00f6r\u00f6dande br\u00e4nder och plundring.<\/p>\n\n\n\n<h2 class=\"wp-block-heading\">5. Handel och myntning<\/h2>\n\n\n\n<p> Sigtuna var en betydande handelsstad och myntade sina egna mynt under medeltiden.<\/p>\n\n\n\n<h2 class=\"wp-block-heading\">6. Slaget vid Foteviken<\/h2>\n\n\n\n<p>I n\u00e4rheten av Sigtuna \u00e4gde det historiska Slaget vid Foteviken rum under 1134.<\/p>\n\n\n\n<figure class=\"wp-block-image size-large\"><img loading=\"lazy\" decoding=\"async\" width=\"1024\" height=\"576\" src=\"https:\/\/media.senioridag.se\/2023\/07\/Krig-1024x576.png\" alt=\"Sigtunas historia p\u00e5 Senioridag.se\" class=\"wp-image-629\" srcset=\"https:\/\/media.senioridag.se\/2023\/07\/Krig-1024x576.png 1024w, https:\/\/media.senioridag.se\/2023\/07\/Krig-300x169.png 300w, https:\/\/media.senioridag.se\/2023\/07\/Krig-768x432.png 768w, https:\/\/media.senioridag.se\/2023\/07\/Krig-1536x864.png 1536w, https:\/\/media.senioridag.se\/2023\/07\/Krig-18x10.png 18w, https:\/\/media.senioridag.se\/2023\/07\/Krig.png 1920w\" sizes=\"auto, (max-width: 1024px) 100vw, 1024px\" \/><\/figure>\n\n\n\n<h2 class=\"wp-block-heading\">7. Kulturellt centrum<\/h2>\n\n\n\n<p>Sigtuna var ett blomstrande kulturellt centrum under medeltiden med konst och arkitektur.<\/p>\n\n\n\n<h2 class=\"wp-block-heading\">8. Hanseaternas inflytande<\/h2>\n\n\n\n<p>Hanseaterna hade stor p\u00e5verkan p\u00e5 stadens handel och ekonomi under medeltiden.<\/p>\n\n\n\n<h2 class=\"wp-block-heading\">9. Sigtuna som handelsplats<\/h2>\n\n\n\n<p>Staden var knutpunkt f\u00f6r handeln i \u00d6stersj\u00f6omr\u00e5det med f\u00f6rm\u00f6gna k\u00f6pm\u00e4n.<\/p>\n\n\n\n<h2 class=\"wp-block-heading\">10. Stadens fall<\/h2>\n\n\n\n<p>Sigtunas storhetstid minskade i takt med att Stockholm v\u00e4xte i betydelse som Sveriges huvudstad.<\/p>\n\n\n\n<h2 class=\"wp-block-heading\">11. Ruinerna av St. Olofs kyrka<\/h2>\n\n\n\n<p>Den forntida St. Olofs kyrka i Sigtuna \u00e4r idag en historisk ruin.<\/p>\n\n\n\n<h2 class=\"wp-block-heading\">12. Sigtuna museum<\/h2>\n\n\n\n<p>Museet ber\u00e4ttar om stadens sp\u00e4nnande historia och har en samling arkeologiska fynd.<\/p>\n\n\n\n<h2 class=\"wp-block-heading\">13. Hansa\u00e5ldern<\/h2>\n\n\n\n<p>Under hansa\u00e5ldern var Sigtuna en betydande medlem i Hansan, ett handelsf\u00f6rbund.<\/p>\n\n\n\n<h2 class=\"wp-block-heading\">14. Vikingarnas bos\u00e4ttningar<\/h2>\n\n\n\n<p>Flera vikingatida bos\u00e4ttningar har hittats i n\u00e4rheten av Sigtuna.<\/p>\n\n\n\n<h2 class=\"wp-block-heading\">15. Gullregnets stadsbrand<\/h2>\n\n\n\n<p>\u00c5r 1493 h\u00e4rjade en f\u00f6r\u00f6dande stadsbrand kallad Gullregnets brand.<\/p>\n\n\n\n<figure class=\"wp-block-image size-large\"><img loading=\"lazy\" decoding=\"async\" width=\"1024\" height=\"576\" src=\"https:\/\/media.senioridag.se\/2023\/07\/Sjostad-brinner-2-1024x576.png\" alt=\"Sigtunas historia p\u00e5 Senioridag.se\" class=\"wp-image-630\" srcset=\"https:\/\/media.senioridag.se\/2023\/07\/Sjostad-brinner-2-1024x576.png 1024w, https:\/\/media.senioridag.se\/2023\/07\/Sjostad-brinner-2-300x169.png 300w, https:\/\/media.senioridag.se\/2023\/07\/Sjostad-brinner-2-768x432.png 768w, https:\/\/media.senioridag.se\/2023\/07\/Sjostad-brinner-2-18x10.png 18w, https:\/\/media.senioridag.se\/2023\/07\/Sjostad-brinner-2.png 1200w\" sizes=\"auto, (max-width: 1024px) 100vw, 1024px\" \/><\/figure>\n\n\n\n<h2 class=\"wp-block-heading\">16. L\u00e4mningar fr\u00e5n Brons\u00e5ldern och j\u00e4rn\u00e5ldern<\/h2>\n\n\n\n<p>Stadens historiska arv bidrar med inte mindre \u00e4n 630 fornl\u00e4mningar<\/p>\n\n\n\n<h2 class=\"wp-block-heading\">17. Kyrkor och kloster<\/h2>\n\n\n\n<p>Sigtuna hade flera kyrkor och kloster som vittnar om stadens religi\u00f6sa betydelse.<\/p>\n\n\n\n<h2 class=\"wp-block-heading\">18. Stadens politiska inflytande<\/h2>\n\n\n\n<p>Sigtuna var en politisk och administrativ centralpunkt i det medeltida Sverige.<\/p>\n\n\n\n<h2 class=\"wp-block-heading\">19. Kyrkom\u00f6ten<\/h2>\n\n\n\n<p>Under medeltiden h\u00f6lls flera kyrkom\u00f6ten i Sigtuna f\u00f6r att diskutera kyrkliga och politiska fr\u00e5gor.<\/p>\n\n\n\n<h2 class=\"wp-block-heading\">20. Kyrkog\u00e5rden vid St. Pers kyrka<\/h2>\n\n\n\n<p>Den gamla kyrkog\u00e5rden vid St. Pers kyrka \u00e4r en historisk plats som \u00e4r \u00f6ppen f\u00f6r allm\u00e4nheten.<\/p>\n\n\n\n<h2 class=\"wp-block-heading\">21. Sigtuna som turistm\u00e5l<\/h2>\n\n\n\n<p>Idag \u00e4r Sigtuna ett popul\u00e4rt turistm\u00e5l med sina kullerstensgator och historiska byggnader.<\/p>\n\n\n\n<figure class=\"wp-block-image size-large\"><img loading=\"lazy\" decoding=\"async\" width=\"1024\" height=\"576\" src=\"https:\/\/media.senioridag.se\/2023\/07\/Gammal-fin-stad-1024x576.png\" alt=\"Sigtunas historia p\u00e5 Senioridag.se\" class=\"wp-image-637\" srcset=\"https:\/\/media.senioridag.se\/2023\/07\/Gammal-fin-stad-1024x576.png 1024w, https:\/\/media.senioridag.se\/2023\/07\/Gammal-fin-stad-300x169.png 300w, https:\/\/media.senioridag.se\/2023\/07\/Gammal-fin-stad-768x432.png 768w, https:\/\/media.senioridag.se\/2023\/07\/Gammal-fin-stad-18x10.png 18w, https:\/\/media.senioridag.se\/2023\/07\/Gammal-fin-stad.png 1200w\" sizes=\"auto, (max-width: 1024px) 100vw, 1024px\" \/><\/figure>\n\n\n\n<h2 class=\"wp-block-heading\">22. Viktiga arkeologiska fynd<\/h2>\n\n\n\n<p>Staden har gett upphov till m\u00e5nga viktiga arkeologiska fynd fr\u00e5n vikingatiden och medeltiden.<\/p>\n\n\n\n<h2 class=\"wp-block-heading\">23. \u00d6stersj\u00f6ns viktigaste hamnstad<\/h2>\n\n\n\n<p>Sigtuna var en g\u00e5ng \u00d6stersj\u00f6ns viktigaste hamnstad och lockade handelsfolk fr\u00e5n n\u00e4r och fj\u00e4rran.<\/p>\n\n\n\n<h2 class=\"wp-block-heading\">24. Sigtuna i litteraturen<\/h2>\n\n\n\n<p>Staden har inspirerat f\u00f6rfattare och poeter genom tiderna.<\/p>\n\n\n\n<h2 class=\"wp-block-heading\">25. Stadsplanering<\/h2>\n\n\n\n<p>Sigtuna har en v\u00e4lbevarad stadsplan med kullerstensgator och bevarade byggnader fr\u00e5n olika epoker.<\/p>\n\n\n\n<h2 class=\"wp-block-heading\">26. Heliga Birgitta<\/h2>\n\n\n\n<p>.Den heliga Birgitta, en av Sveriges mest k\u00e4nda helgon, hade en stark koppling till Sigtuna.<\/p>\n\n\n\n<figure class=\"wp-block-image size-large\"><img loading=\"lazy\" decoding=\"async\" width=\"1024\" height=\"576\" src=\"https:\/\/media.senioridag.se\/2023\/07\/Heliga-birgitta-1024x576.png\" alt=\"Sigtunas historia p\u00e5 Senioridag.se\" class=\"wp-image-607\" srcset=\"https:\/\/media.senioridag.se\/2023\/07\/Heliga-birgitta-1024x576.png 1024w, https:\/\/media.senioridag.se\/2023\/07\/Heliga-birgitta-300x169.png 300w, https:\/\/media.senioridag.se\/2023\/07\/Heliga-birgitta-768x432.png 768w, https:\/\/media.senioridag.se\/2023\/07\/Heliga-birgitta-18x10.png 18w, https:\/\/media.senioridag.se\/2023\/07\/Heliga-birgitta.png 1200w\" sizes=\"auto, (max-width: 1024px) 100vw, 1024px\" \/><\/figure>\n\n\n\n<h2 class=\"wp-block-heading\">27. Sigtuna som kulturm\u00f6tesplats<\/h2>\n\n\n\n<p>Staden har varit en kulturm\u00f6tesplats d\u00e4r olika kulturer och traditioner m\u00f6ts.<\/p>\n\n\n\n<h2 class=\"wp-block-heading\">28. Sigtuna under krig och konflikter<\/h2>\n\n\n\n<p>Staden har upplevt flera krig och konflikter genom historien.<\/p>\n\n\n\n<h2 class=\"wp-block-heading\">29. Stadens f\u00f6rfall och \u00e5teruppbyggnad<\/h2>\n\n\n\n<p>Efter en period av f\u00f6rfall har staden restaurerats och bevarats som en historisk p\u00e4rla.<\/p>\n\n\n\n<h2 class=\"wp-block-heading\">30. Nutidens Sigtuna<\/h2>\n\n\n\n<p>Idag \u00e4r Sigtuna en charmig sm\u00e5stad som b\u00e4r p\u00e5 en fascinerande historia och \u00e4r ett popul\u00e4rt resm\u00e5l f\u00f6r historia- och kulturintresserade bes\u00f6kare.<\/p>\n\n\n\n<h2 class=\"wp-block-heading\">Sigtunas historia<\/h2>\n\n\n\n<p>Efter Malm\u00f6s historia kanske du vill veta vad du kan se och\u00a0<a href=\"https:\/\/www.freedomtravel.se\/2016\/03\/pa-besok-i-sveriges-aldsta-stad\/\" target=\"_blank\" rel=\"noreferrer noopener\">g\u00f6ra i Sigtuna<\/a>\u00a0eller s\u00e5 kanske du vill l\u00e4sa mer om\u00a0<a href=\"https:\/\/senioridag.se\/en\/grannas-historia\/\">Gr\u00e4nnas historia<\/a><\/p>\n\n\n\n<figure class=\"wp-block-image size-large\"><img loading=\"lazy\" decoding=\"async\" width=\"1024\" height=\"576\" src=\"https:\/\/media.senioridag.se\/2023\/07\/Granna-1024x576.png\" alt=\"Senioridag.se\" class=\"wp-image-639\" srcset=\"https:\/\/media.senioridag.se\/2023\/07\/Granna-1024x576.png 1024w, https:\/\/media.senioridag.se\/2023\/07\/Granna-300x169.png 300w, https:\/\/media.senioridag.se\/2023\/07\/Granna-768x432.png 768w, https:\/\/media.senioridag.se\/2023\/07\/Granna-18x10.png 18w, https:\/\/media.senioridag.se\/2023\/07\/Granna.png 1200w\" sizes=\"auto, (max-width: 1024px) 100vw, 1024px\" \/><\/figure>","protected":false},"excerpt":{"rendered":"<p>Sigtunas Historia och Sigtuna grundades p\u00e5 900-talet och blev Sveriges f\u00f6rsta stad samt var en viktig handelsplats under vikingatiden. Staden spelade en central roll i &hellip; <\/p>","protected":false},"author":1,"featured_media":636,"comment_status":"open","ping_status":"open","sticky":false,"template":"","format":"standard","meta":{"_uag_custom_page_level_css":"","footnotes":""},"categories":[4],"tags":[],"class_list":["post-552","post","type-post","status-publish","format-standard","has-post-thumbnail","hentry","category-sverige"],"yoast_head":"<!-- This site is optimized with the Yoast SEO plugin v27.5 - https:\/\/yoast.com\/product\/yoast-seo-wordpress\/ -->\n<title>Sigtunas historia - 30 historiska fakta - Senior Idag<\/title>\n<meta name=\"description\" content=\"Sigtunas historia \u00e4r fr\u00e5n vikingatiden och \u00e4r Sveriges f\u00f6rsta stad, viktig handelsplats och kulturellt centrum genom tiderna.\" \/>\n<meta name=\"robots\" content=\"index, follow, max-snippet:-1, max-image-preview:large, max-video-preview:-1\" \/>\n<link rel=\"canonical\" href=\"https:\/\/senioridag.se\/en\/sigtunas-historia\/\" \/>\n<meta property=\"og:locale\" content=\"en_GB\" \/>\n<meta property=\"og:type\" content=\"article\" \/>\n<meta property=\"og:title\" content=\"Sigtunas historia - 30 historiska fakta - Senior Idag\" \/>\n<meta property=\"og:description\" content=\"Sigtunas historia \u00e4r fr\u00e5n vikingatiden och \u00e4r Sveriges f\u00f6rsta stad, viktig handelsplats och kulturellt centrum genom tiderna.\" \/>\n<meta property=\"og:url\" content=\"https:\/\/senioridag.se\/en\/sigtunas-historia\/\" \/>\n<meta property=\"og:site_name\" content=\"Senior Idag\" \/>\n<meta property=\"article:published_time\" content=\"2023-07-26T18:59:38+00:00\" \/>\n<meta property=\"article:modified_time\" content=\"2023-07-26T19:12:45+00:00\" \/>\n<meta property=\"og:image\" content=\"https:\/\/media.senioridag.se\/2023\/07\/Sigtuna-3.png\" \/>\n\t<meta property=\"og:image:width\" content=\"1200\" \/>\n\t<meta property=\"og:image:height\" content=\"675\" \/>\n\t<meta property=\"og:image:type\" content=\"image\/png\" \/>\n<meta name=\"author\" content=\"Admin\" \/>\n<meta name=\"twitter:card\" content=\"summary_large_image\" \/>\n<meta name=\"twitter:label1\" content=\"Written by\" \/>\n\t<meta name=\"twitter:data1\" content=\"Admin\" \/>\n\t<meta name=\"twitter:label2\" content=\"Estimated reading time\" \/>\n\t<meta name=\"twitter:data2\" content=\"5 minutes\" \/>\n<script type=\"application\/ld+json\" class=\"yoast-schema-graph\">{\"@context\":\"https:\\\/\\\/schema.org\",\"@graph\":[{\"@type\":\"Article\",\"@id\":\"https:\\\/\\\/senioridag.se\\\/sigtunas-historia\\\/#article\",\"isPartOf\":{\"@id\":\"https:\\\/\\\/senioridag.se\\\/sigtunas-historia\\\/\"},\"author\":{\"name\":\"Admin\",\"@id\":\"http:\\\/\\\/senioridag.se\\\/sv_se\\\/#\\\/schema\\\/person\\\/0b62aa4624690f35cfe1b8d94577c866\"},\"headline\":\"Sigtunas historia &#8211; 30 historiska fakta\",\"datePublished\":\"2023-07-26T18:59:38+00:00\",\"dateModified\":\"2023-07-26T19:12:45+00:00\",\"mainEntityOfPage\":{\"@id\":\"https:\\\/\\\/senioridag.se\\\/sigtunas-historia\\\/\"},\"wordCount\":667,\"commentCount\":0,\"publisher\":{\"@id\":\"http:\\\/\\\/senioridag.se\\\/sv_se\\\/#organization\"},\"image\":{\"@id\":\"https:\\\/\\\/senioridag.se\\\/sigtunas-historia\\\/#primaryimage\"},\"thumbnailUrl\":\"https:\\\/\\\/media.senioridag.se\\\/2023\\\/07\\\/Sigtuna-3.png\",\"articleSection\":[\"Sverige\"],\"inLanguage\":\"en-GB\",\"potentialAction\":[{\"@type\":\"CommentAction\",\"name\":\"Comment\",\"target\":[\"https:\\\/\\\/senioridag.se\\\/sigtunas-historia\\\/#respond\"]}]},{\"@type\":\"WebPage\",\"@id\":\"https:\\\/\\\/senioridag.se\\\/sigtunas-historia\\\/\",\"url\":\"https:\\\/\\\/senioridag.se\\\/sigtunas-historia\\\/\",\"name\":\"Sigtunas historia - 30 historiska fakta - Senior Idag\",\"isPartOf\":{\"@id\":\"http:\\\/\\\/senioridag.se\\\/sv_se\\\/#website\"},\"primaryImageOfPage\":{\"@id\":\"https:\\\/\\\/senioridag.se\\\/sigtunas-historia\\\/#primaryimage\"},\"image\":{\"@id\":\"https:\\\/\\\/senioridag.se\\\/sigtunas-historia\\\/#primaryimage\"},\"thumbnailUrl\":\"https:\\\/\\\/media.senioridag.se\\\/2023\\\/07\\\/Sigtuna-3.png\",\"datePublished\":\"2023-07-26T18:59:38+00:00\",\"dateModified\":\"2023-07-26T19:12:45+00:00\",\"description\":\"Sigtunas historia \u00e4r fr\u00e5n vikingatiden och \u00e4r Sveriges f\u00f6rsta stad, viktig handelsplats och kulturellt centrum genom tiderna.\",\"breadcrumb\":{\"@id\":\"https:\\\/\\\/senioridag.se\\\/sigtunas-historia\\\/#breadcrumb\"},\"inLanguage\":\"en-GB\",\"potentialAction\":[{\"@type\":\"ReadAction\",\"target\":[\"https:\\\/\\\/senioridag.se\\\/sigtunas-historia\\\/\"]}]},{\"@type\":\"ImageObject\",\"inLanguage\":\"en-GB\",\"@id\":\"https:\\\/\\\/senioridag.se\\\/sigtunas-historia\\\/#primaryimage\",\"url\":\"https:\\\/\\\/media.senioridag.se\\\/2023\\\/07\\\/Sigtuna-3.png\",\"contentUrl\":\"https:\\\/\\\/media.senioridag.se\\\/2023\\\/07\\\/Sigtuna-3.png\",\"width\":1200,\"height\":675},{\"@type\":\"BreadcrumbList\",\"@id\":\"https:\\\/\\\/senioridag.se\\\/sigtunas-historia\\\/#breadcrumb\",\"itemListElement\":[{\"@type\":\"ListItem\",\"position\":1,\"name\":\"Hem\",\"item\":\"http:\\\/\\\/senioridag.se\\\/sv_se\\\/\"},{\"@type\":\"ListItem\",\"position\":2,\"name\":\"Sigtunas historia &#8211; 30 historiska fakta\"}]},{\"@type\":\"WebSite\",\"@id\":\"http:\\\/\\\/senioridag.se\\\/sv_se\\\/#website\",\"url\":\"http:\\\/\\\/senioridag.se\\\/sv_se\\\/\",\"name\":\"Senior Idag\",\"description\":\"\",\"publisher\":{\"@id\":\"http:\\\/\\\/senioridag.se\\\/sv_se\\\/#organization\"},\"potentialAction\":[{\"@type\":\"SearchAction\",\"target\":{\"@type\":\"EntryPoint\",\"urlTemplate\":\"http:\\\/\\\/senioridag.se\\\/sv_se\\\/?s={search_term_string}\"},\"query-input\":{\"@type\":\"PropertyValueSpecification\",\"valueRequired\":true,\"valueName\":\"search_term_string\"}}],\"inLanguage\":\"en-GB\"},{\"@type\":\"Organization\",\"@id\":\"http:\\\/\\\/senioridag.se\\\/sv_se\\\/#organization\",\"name\":\"Senior Idag\",\"url\":\"http:\\\/\\\/senioridag.se\\\/sv_se\\\/\",\"logo\":{\"@type\":\"ImageObject\",\"inLanguage\":\"en-GB\",\"@id\":\"http:\\\/\\\/senioridag.se\\\/sv_se\\\/#\\\/schema\\\/logo\\\/image\\\/\",\"url\":\"https:\\\/\\\/media.senioridag.se\\\/2020\\\/12\\\/cropped-I-6.png\",\"contentUrl\":\"https:\\\/\\\/media.senioridag.se\\\/2020\\\/12\\\/cropped-I-6.png\",\"width\":600,\"height\":600,\"caption\":\"Senior Idag\"},\"image\":{\"@id\":\"http:\\\/\\\/senioridag.se\\\/sv_se\\\/#\\\/schema\\\/logo\\\/image\\\/\"}},{\"@type\":\"Person\",\"@id\":\"http:\\\/\\\/senioridag.se\\\/sv_se\\\/#\\\/schema\\\/person\\\/0b62aa4624690f35cfe1b8d94577c866\",\"name\":\"Admin\",\"image\":{\"@type\":\"ImageObject\",\"inLanguage\":\"en-GB\",\"@id\":\"https:\\\/\\\/secure.gravatar.com\\\/avatar\\\/691c9308cc660d04c7862e80cbaadc7cd33af93df2c74a13be07c53be8778195?s=96&d=mm&r=g\",\"url\":\"https:\\\/\\\/secure.gravatar.com\\\/avatar\\\/691c9308cc660d04c7862e80cbaadc7cd33af93df2c74a13be07c53be8778195?s=96&d=mm&r=g\",\"contentUrl\":\"https:\\\/\\\/secure.gravatar.com\\\/avatar\\\/691c9308cc660d04c7862e80cbaadc7cd33af93df2c74a13be07c53be8778195?s=96&d=mm&r=g\",\"caption\":\"Admin\"},\"sameAs\":[\"https:\\\/\\\/senioridag.se\"],\"url\":\"https:\\\/\\\/senioridag.se\\\/en\\\/author\\\/peter\\\/\"}]}<\/script>\n<!-- \/ Yoast SEO plugin. -->","yoast_head_json":{"title":"Sigtunas historia - 30 historiska fakta - Senior Idag","description":"Sigtunas historia \u00e4r fr\u00e5n vikingatiden och \u00e4r Sveriges f\u00f6rsta stad, viktig handelsplats och kulturellt centrum genom tiderna.","robots":{"index":"index","follow":"follow","max-snippet":"max-snippet:-1","max-image-preview":"max-image-preview:large","max-video-preview":"max-video-preview:-1"},"canonical":"https:\/\/senioridag.se\/en\/sigtunas-historia\/","og_locale":"en_GB","og_type":"article","og_title":"Sigtunas historia - 30 historiska fakta - Senior Idag","og_description":"Sigtunas historia \u00e4r fr\u00e5n vikingatiden och \u00e4r Sveriges f\u00f6rsta stad, viktig handelsplats och kulturellt centrum genom tiderna.","og_url":"https:\/\/senioridag.se\/en\/sigtunas-historia\/","og_site_name":"Senior Idag","article_published_time":"2023-07-26T18:59:38+00:00","article_modified_time":"2023-07-26T19:12:45+00:00","og_image":[{"width":1200,"height":675,"url":"https:\/\/media.senioridag.se\/2023\/07\/Sigtuna-3.png","type":"image\/png"}],"author":"Admin","twitter_card":"summary_large_image","twitter_misc":{"Written by":"Admin","Estimated reading time":"5 minutes"},"schema":{"@context":"https:\/\/schema.org","@graph":[{"@type":"Article","@id":"https:\/\/senioridag.se\/sigtunas-historia\/#article","isPartOf":{"@id":"https:\/\/senioridag.se\/sigtunas-historia\/"},"author":{"name":"Admin","@id":"http:\/\/senioridag.se\/sv_se\/#\/schema\/person\/0b62aa4624690f35cfe1b8d94577c866"},"headline":"Sigtunas historia &#8211; 30 historiska fakta","datePublished":"2023-07-26T18:59:38+00:00","dateModified":"2023-07-26T19:12:45+00:00","mainEntityOfPage":{"@id":"https:\/\/senioridag.se\/sigtunas-historia\/"},"wordCount":667,"commentCount":0,"publisher":{"@id":"http:\/\/senioridag.se\/sv_se\/#organization"},"image":{"@id":"https:\/\/senioridag.se\/sigtunas-historia\/#primaryimage"},"thumbnailUrl":"https:\/\/media.senioridag.se\/2023\/07\/Sigtuna-3.png","articleSection":["Sverige"],"inLanguage":"en-GB","potentialAction":[{"@type":"CommentAction","name":"Comment","target":["https:\/\/senioridag.se\/sigtunas-historia\/#respond"]}]},{"@type":"WebPage","@id":"https:\/\/senioridag.se\/sigtunas-historia\/","url":"https:\/\/senioridag.se\/sigtunas-historia\/","name":"Sigtunas historia - 30 historiska fakta - Senior Idag","isPartOf":{"@id":"http:\/\/senioridag.se\/sv_se\/#website"},"primaryImageOfPage":{"@id":"https:\/\/senioridag.se\/sigtunas-historia\/#primaryimage"},"image":{"@id":"https:\/\/senioridag.se\/sigtunas-historia\/#primaryimage"},"thumbnailUrl":"https:\/\/media.senioridag.se\/2023\/07\/Sigtuna-3.png","datePublished":"2023-07-26T18:59:38+00:00","dateModified":"2023-07-26T19:12:45+00:00","description":"Sigtunas historia \u00e4r fr\u00e5n vikingatiden och \u00e4r Sveriges f\u00f6rsta stad, viktig handelsplats och kulturellt centrum genom tiderna.","breadcrumb":{"@id":"https:\/\/senioridag.se\/sigtunas-historia\/#breadcrumb"},"inLanguage":"en-GB","potentialAction":[{"@type":"ReadAction","target":["https:\/\/senioridag.se\/sigtunas-historia\/"]}]},{"@type":"ImageObject","inLanguage":"en-GB","@id":"https:\/\/senioridag.se\/sigtunas-historia\/#primaryimage","url":"https:\/\/media.senioridag.se\/2023\/07\/Sigtuna-3.png","contentUrl":"https:\/\/media.senioridag.se\/2023\/07\/Sigtuna-3.png","width":1200,"height":675},{"@type":"BreadcrumbList","@id":"https:\/\/senioridag.se\/sigtunas-historia\/#breadcrumb","itemListElement":[{"@type":"ListItem","position":1,"name":"Hem","item":"http:\/\/senioridag.se\/sv_se\/"},{"@type":"ListItem","position":2,"name":"Sigtunas historia &#8211; 30 historiska fakta"}]},{"@type":"WebSite","@id":"http:\/\/senioridag.se\/sv_se\/#website","url":"http:\/\/senioridag.se\/sv_se\/","name":"Senior Idag","description":"","publisher":{"@id":"http:\/\/senioridag.se\/sv_se\/#organization"},"potentialAction":[{"@type":"SearchAction","target":{"@type":"EntryPoint","urlTemplate":"http:\/\/senioridag.se\/sv_se\/?s={search_term_string}"},"query-input":{"@type":"PropertyValueSpecification","valueRequired":true,"valueName":"search_term_string"}}],"inLanguage":"en-GB"},{"@type":"Organization","@id":"http:\/\/senioridag.se\/sv_se\/#organization","name":"Senior Idag","url":"http:\/\/senioridag.se\/sv_se\/","logo":{"@type":"ImageObject","inLanguage":"en-GB","@id":"http:\/\/senioridag.se\/sv_se\/#\/schema\/logo\/image\/","url":"https:\/\/media.senioridag.se\/2020\/12\/cropped-I-6.png","contentUrl":"https:\/\/media.senioridag.se\/2020\/12\/cropped-I-6.png","width":600,"height":600,"caption":"Senior Idag"},"image":{"@id":"http:\/\/senioridag.se\/sv_se\/#\/schema\/logo\/image\/"}},{"@type":"Person","@id":"http:\/\/senioridag.se\/sv_se\/#\/schema\/person\/0b62aa4624690f35cfe1b8d94577c866","name":"Admin","image":{"@type":"ImageObject","inLanguage":"en-GB","@id":"https:\/\/secure.gravatar.com\/avatar\/691c9308cc660d04c7862e80cbaadc7cd33af93df2c74a13be07c53be8778195?s=96&d=mm&r=g","url":"https:\/\/secure.gravatar.com\/avatar\/691c9308cc660d04c7862e80cbaadc7cd33af93df2c74a13be07c53be8778195?s=96&d=mm&r=g","contentUrl":"https:\/\/secure.gravatar.com\/avatar\/691c9308cc660d04c7862e80cbaadc7cd33af93df2c74a13be07c53be8778195?s=96&d=mm&r=g","caption":"Admin"},"sameAs":["https:\/\/senioridag.se"],"url":"https:\/\/senioridag.se\/en\/author\/peter\/"}]}},"uagb_featured_image_src":{"full":["https:\/\/media.senioridag.se\/2023\/07\/Sigtuna-3.png",1200,675,false],"thumbnail":["https:\/\/media.senioridag.se\/2023\/07\/Sigtuna-3-150x150.png",150,150,true],"medium":["https:\/\/media.senioridag.se\/2023\/07\/Sigtuna-3-300x169.png",300,169,true],"medium_large":["https:\/\/media.senioridag.se\/2023\/07\/Sigtuna-3-768x432.png",768,432,true],"large":["https:\/\/media.senioridag.se\/2023\/07\/Sigtuna-3-1024x576.png",770,433,true],"post-slider-thumb-size":["https:\/\/media.senioridag.se\/2023\/07\/Sigtuna-3-330x190.png",330,190,true],"post-category-slider-size":["https:\/\/media.senioridag.se\/2023\/07\/Sigtuna-3-330x350.png",330,350,true],"1536x1536":["https:\/\/media.senioridag.se\/2023\/07\/Sigtuna-3.png",1200,675,false],"2048x2048":["https:\/\/media.senioridag.se\/2023\/07\/Sigtuna-3.png",1200,675,false],"trp-custom-language-flag":["https:\/\/media.senioridag.se\/2023\/07\/Sigtuna-3-18x10.png",18,10,true],"vandana-lite-slider":["https:\/\/media.senioridag.se\/2023\/07\/Sigtuna-3-580x675.png",580,675,true],"vandana-lite-about":["https:\/\/media.senioridag.se\/2023\/07\/Sigtuna-3-500x675.png",500,675,true],"vandana-lite-service":["https:\/\/media.senioridag.se\/2023\/07\/Sigtuna-3-562x364.png",562,364,true],"vandana-lite-blog-sec":["https:\/\/media.senioridag.se\/2023\/07\/Sigtuna-3-570x333.png",570,333,true],"vandana-lite-blog":["https:\/\/media.senioridag.se\/2023\/07\/Sigtuna-3-770x450.png",770,450,true],"vandana-lite-blog-full":["https:\/\/media.senioridag.se\/2023\/07\/Sigtuna-3-1170x600.png",1170,600,true],"vandana-lite-blog-list":["https:\/\/media.senioridag.se\/2023\/07\/Sigtuna-3-280x300.png",280,300,true],"vandana-lite-blog-grid":["https:\/\/media.senioridag.se\/2023\/07\/Sigtuna-3-370x300.png",370,300,true]},"uagb_author_info":{"display_name":"Admin","author_link":"https:\/\/senioridag.se\/en\/author\/peter\/"},"uagb_comment_info":0,"uagb_excerpt":"Sigtunas Historia och Sigtuna grundades p\u00e5 900-talet och blev Sveriges f\u00f6rsta stad samt var en viktig handelsplats under vikingatiden. Staden spelade en central roll i &hellip;","_links":{"self":[{"href":"https:\/\/senioridag.se\/en\/wp-json\/wp\/v2\/posts\/552","targetHints":{"allow":["GET"]}}],"collection":[{"href":"https:\/\/senioridag.se\/en\/wp-json\/wp\/v2\/posts"}],"about":[{"href":"https:\/\/senioridag.se\/en\/wp-json\/wp\/v2\/types\/post"}],"author":[{"embeddable":true,"href":"https:\/\/senioridag.se\/en\/wp-json\/wp\/v2\/users\/1"}],"replies":[{"embeddable":true,"href":"https:\/\/senioridag.se\/en\/wp-json\/wp\/v2\/comments?post=552"}],"version-history":[{"count":9,"href":"https:\/\/senioridag.se\/en\/wp-json\/wp\/v2\/posts\/552\/revisions"}],"predecessor-version":[{"id":655,"href":"https:\/\/senioridag.se\/en\/wp-json\/wp\/v2\/posts\/552\/revisions\/655"}],"wp:featuredmedia":[{"embeddable":true,"href":"https:\/\/senioridag.se\/en\/wp-json\/wp\/v2\/media\/636"}],"wp:attachment":[{"href":"https:\/\/senioridag.se\/en\/wp-json\/wp\/v2\/media?parent=552"}],"wp:term":[{"taxonomy":"category","embeddable":true,"href":"https:\/\/senioridag.se\/en\/wp-json\/wp\/v2\/categories?post=552"},{"taxonomy":"post_tag","embeddable":true,"href":"https:\/\/senioridag.se\/en\/wp-json\/wp\/v2\/tags?post=552"}],"curies":[{"name":"wp","href":"https:\/\/api.w.org\/{rel}","templated":true}]}}