{"id":392,"date":"2023-07-21T17:46:47","date_gmt":"2023-07-21T17:46:47","guid":{"rendered":"https:\/\/senioridag.se\/?p=392"},"modified":"2023-07-21T18:00:28","modified_gmt":"2023-07-21T18:00:28","slug":"malmos-historia","status":"publish","type":"post","link":"https:\/\/senioridag.se\/en\/malmos-historia\/","title":{"rendered":"Malm\u00f6s historia &#8211; 30 historiska fakta"},"content":{"rendered":"<p>Malm\u00f6s historia str\u00e4cker sig \u00f6ver 2000 \u00e5r tillbaka i tiden. Staden grundades som en gammal handelsplats och f\u00e4stning av danskarna p\u00e5 1200-talet. Under medeltiden var Malm\u00f6 en viktig hamnstad och blev senare en del av Sverige efter freden i Roskilde 1658. Idag \u00e4r Malm\u00f6 en modern och m\u00e5ngkulturell stad som forts\u00e4tter att vara en betydande knutpunkt f\u00f6r handel och industri i s\u00f6dra Sverige.<\/p>\n\n\n\n<!--more-->\n\n\n\n<h2 class=\"wp-block-heading\">Malm\u00f6s historia<\/h2>\n\n\n\n<p>Malm\u00f6 ligger i s\u00f6dra Sverige, precis vid \u00d6resund, sundet som skiljer Sverige fr\u00e5n Danmark. Staden \u00e4r huvudort i Sk\u00e5ne l\u00e4n och \u00e4r Sveriges tredje st\u00f6rsta stad efter Stockholm och G\u00f6teborg. Dess n\u00e4rhet till K\u00f6penhamn i Danmark g\u00f6r Malm\u00f6 till en viktig knutpunkt f\u00f6r internationell och regional handel och kulturutbyte.<\/p>\n\n\n\n<figure class=\"wp-block-image size-large\"><img loading=\"lazy\" decoding=\"async\" width=\"1024\" height=\"576\" src=\"https:\/\/media.senioridag.se\/2023\/07\/Malmo-torg-1024x576.png\" alt=\"Malm\u00f6s historia med Senioridag.se\" class=\"wp-image-442\" srcset=\"https:\/\/media.senioridag.se\/2023\/07\/Malmo-torg-1024x576.png 1024w, https:\/\/media.senioridag.se\/2023\/07\/Malmo-torg-300x169.png 300w, https:\/\/media.senioridag.se\/2023\/07\/Malmo-torg-768x432.png 768w, https:\/\/media.senioridag.se\/2023\/07\/Malmo-torg-18x10.png 18w, https:\/\/media.senioridag.se\/2023\/07\/Malmo-torg.png 1200w\" sizes=\"auto, (max-width: 1024px) 100vw, 1024px\" \/><\/figure>\n\n\n\n<h2 class=\"wp-block-heading\">1. \u00c5r 1200 och Malm\u00f6s grundande<\/h2>\n\n\n\n<p>Malm\u00f6 grundades p\u00e5 1200-talet och namnet h\u00e4rstammar fr\u00e5n det forntida ordet &#8221;malm,&#8221; vilket betyder sandig kulle.<\/p>\n\n\n\n<h2 class=\"wp-block-heading\">2. Medeltida handelsplats<\/h2>\n\n\n\n<p>Malm\u00f6 var en betydande handelsplats under medeltiden och var en viktig knutpunkt f\u00f6r handel \u00f6ver \u00d6resund.<\/p>\n\n\n\n<h2 class=\"wp-block-heading\">3. Stadsprivilegier<\/h2>\n\n\n\n<p>\u00c5r 1254 fick Malm\u00f6 sina stadsprivilegier utf\u00e4rdade av kung Christoffer I av Danmark.<\/p>\n\n\n\n<h2 class=\"wp-block-heading\">4. F\u00e4stning och f\u00f6rsvar<\/h2>\n\n\n\n<p>Malm\u00f6hus slott, byggt p\u00e5 1400-talet, fungerade som en viktig f\u00e4stning f\u00f6r att skydda rikets sydligaste gr\u00e4ns.<\/p>\n\n\n\n<h2 class=\"wp-block-heading\">5. Danskt styre<\/h2>\n\n\n\n<p>Malm\u00f6 tillh\u00f6rde Danmark fram till fredsf\u00f6rdraget i Roskilde 1658, d\u00e5 staden \u00f6verl\u00e4mnades till Sverige.<\/p>\n\n\n\n<h2 class=\"wp-block-heading\">6. \u00d6resundstullen<\/h2>\n\n\n\n<p>Under en stor del av sin historia tj\u00e4nade Malm\u00f6 p\u00e5 \u00d6resundstullen, som var en avgift p\u00e5 fartyg som passerade sundet.<\/p>\n\n\n\n<h2 class=\"wp-block-heading\">7. Industrialisering<\/h2>\n\n\n\n<p>Under 1800-talet genomgick Malm\u00f6 en snabb industrialisering och utvecklades till en blomstrande handelsstad.<\/p>\n\n\n\n<h2 class=\"wp-block-heading\">8. S\u00f6dra Sveriges j\u00e4rnv\u00e4gsknutpunkt<\/h2>\n\n\n\n<p>Malm\u00f6 blev en viktig j\u00e4rnv\u00e4gsknutpunkt n\u00e4r Sveriges f\u00f6rsta j\u00e4rnv\u00e4gslinje till Lund invigdes 1856.<\/p>\n\n\n\n<figure class=\"wp-block-image size-large\"><img loading=\"lazy\" decoding=\"async\" width=\"1024\" height=\"576\" src=\"https:\/\/media.senioridag.se\/2023\/07\/Anglok-1024x576.png\" alt=\"Malm\u00f6s historia med Senioridag.se\" class=\"wp-image-435\" srcset=\"https:\/\/media.senioridag.se\/2023\/07\/Anglok-1024x576.png 1024w, https:\/\/media.senioridag.se\/2023\/07\/Anglok-300x169.png 300w, https:\/\/media.senioridag.se\/2023\/07\/Anglok-768x432.png 768w, https:\/\/media.senioridag.se\/2023\/07\/Anglok-18x10.png 18w, https:\/\/media.senioridag.se\/2023\/07\/Anglok.png 1200w\" sizes=\"auto, (max-width: 1024px) 100vw, 1024px\" \/><\/figure>\n\n\n\n<h2 class=\"wp-block-heading\">9. Stadens expansion<\/h2>\n\n\n\n<p>P\u00e5 1900-talet v\u00e4xte Malm\u00f6 snabbt, och flera omr\u00e5den inkorporerades i staden f\u00f6r att m\u00f6ta den \u00f6kande befolkningen.<\/p>\n\n\n\n<h2 class=\"wp-block-heading\">10. Malm\u00f6 stadsteater<\/h2>\n\n\n\n<p>Den imponerande stadsteatern, invigd 1944, har blivit ett kulturellt centrum i staden.<\/p>\n\n\n\n<h2 class=\"wp-block-heading\">11. Turning Torso<\/h2>\n\n\n\n<p>Malm\u00f6s ikoniska skyskrapa, Turning Torso, byggdes 2005 och blev ett landm\u00e4rke f\u00f6r staden och hela \u00d6resundsregionen.<\/p>\n\n\n\n<h2 class=\"wp-block-heading\">12. Malm\u00f6festivalen<\/h2>\n\n\n\n<p>\u00c5rligen firas Malm\u00f6festivalen, en kulturfestival som erbjuder musik, mat och underh\u00e5llning f\u00f6r alla \u00e5ldrar.<\/p>\n\n\n\n<h2 class=\"wp-block-heading\">13. Malm\u00f6 H\u00f6gskola<\/h2>\n\n\n\n<p>Universitetet grundades 1998 och har sedan dess vuxit till en viktig utbildningsinstitution i staden.<\/p>\n\n\n\n<h2 class=\"wp-block-heading\">14. \u00d6resundsbron<\/h2>\n\n\n\n<p>Den imponerande \u00d6resundsbron, f\u00e4rdigst\u00e4lld 2000, f\u00f6rbinder Malm\u00f6 med K\u00f6penhamn och bidrar till \u00f6kad integration mellan Sverige och Danmark.<\/p>\n\n\n\n<h2 class=\"wp-block-heading\">15. Sj\u00f6fartshistoria<\/h2>\n\n\n\n<p>Malm\u00f6s historia som en viktig hamnstad har gett den en rik sj\u00f6fartstradition och ett maritimt arv.<\/p>\n\n\n\n<figure class=\"wp-block-image size-large\"><img loading=\"lazy\" decoding=\"async\" width=\"1024\" height=\"576\" src=\"https:\/\/media.senioridag.se\/2023\/07\/Fartyg-1800-1024x576.png\" alt=\"Malm\u00f6s historia med Senioridag.se\" class=\"wp-image-439\" srcset=\"https:\/\/media.senioridag.se\/2023\/07\/Fartyg-1800-1024x576.png 1024w, https:\/\/media.senioridag.se\/2023\/07\/Fartyg-1800-300x169.png 300w, https:\/\/media.senioridag.se\/2023\/07\/Fartyg-1800-768x432.png 768w, https:\/\/media.senioridag.se\/2023\/07\/Fartyg-1800-18x10.png 18w, https:\/\/media.senioridag.se\/2023\/07\/Fartyg-1800.png 1200w\" sizes=\"auto, (max-width: 1024px) 100vw, 1024px\" \/><\/figure>\n\n\n\n<h2 class=\"wp-block-heading\">16. Gamla V\u00e4ster<\/h2>\n\n\n\n<p>Den pittoreska stadsdelen Gamla V\u00e4ster har v\u00e4lbevarade byggnader fr\u00e5n 1600- och 1700-talet.<\/p>\n\n\n\n<h2 class=\"wp-block-heading\">17. Stortorget<\/h2>\n\n\n\n<p>Malm\u00f6s historiska torg, Stortorget, \u00e4r omgivet av vackra byggnader och har varit en central plats f\u00f6r stadslivet i \u00e5rhundraden.<\/p>\n\n\n\n<h2 class=\"wp-block-heading\">18. Malm\u00f6 Live<\/h2>\n\n\n\n<p>Kultur- och kongresscentret Malm\u00f6 Live, invigt 2015, \u00e4r en modern symbol f\u00f6r stadens framsteg inom konst och underh\u00e5llning.<\/p>\n\n\n\n<h2 class=\"wp-block-heading\">19. Kungsparken<\/h2>\n\n\n\n<p>Den vackra Kungsparken anlades 1872 och \u00e4r ett popul\u00e4rt rekreationsomr\u00e5de f\u00f6r Malm\u00f6borna.<\/p>\n\n\n\n<h2 class=\"wp-block-heading\">20. Stadsbiblioteket<\/h2>\n\n\n\n<p>Malm\u00f6 stadsbibliotek, designat av arkitekten Klas Anshelm, stod klart 1971 och \u00e4r ett exempel p\u00e5 modernistisk arkitektur.<\/p>\n\n\n\n<h2 class=\"wp-block-heading\">21. Malm\u00f6 Redhawks<\/h2>\n\n\n\n<p>Ishockeylaget Malm\u00f6 Redhawks har en l\u00e5ng historia och \u00e4r en \u00e4lskad sportinstitution i staden.<\/p>\n\n\n\n<figure class=\"wp-block-image size-large\"><img loading=\"lazy\" decoding=\"async\" width=\"1024\" height=\"576\" src=\"https:\/\/media.senioridag.se\/2023\/07\/Ishockey-1024x576.png\" alt=\"Malm\u00f6s historia med Senioridag.se\" class=\"wp-image-440\" srcset=\"https:\/\/media.senioridag.se\/2023\/07\/Ishockey-1024x576.png 1024w, https:\/\/media.senioridag.se\/2023\/07\/Ishockey-300x169.png 300w, https:\/\/media.senioridag.se\/2023\/07\/Ishockey-768x432.png 768w, https:\/\/media.senioridag.se\/2023\/07\/Ishockey-18x10.png 18w, https:\/\/media.senioridag.se\/2023\/07\/Ishockey.png 1200w\" sizes=\"auto, (max-width: 1024px) 100vw, 1024px\" \/><\/figure>\n\n\n\n<h2 class=\"wp-block-heading\">22. Malm\u00f6 konstmuseum<\/h2>\n\n\n\n<p>Museet grundades 1841 och inrymmer en imponerande samling av svensk och internationell konst.<\/p>\n\n\n\n<h2 class=\"wp-block-heading\">23. Gustav Adolfs torg<\/h2>\n\n\n\n<p>Torget, uppkallat efter kung Gustav II Adolf, \u00e4r en viktig plats f\u00f6r evenemang och marknader.<\/p>\n\n\n\n<h2 class=\"wp-block-heading\">24. Limhamns kalkbrott<\/h2>\n\n\n\n<p>De gamla kalkbrotten i Limhamn representerar ett intressant historiskt och geologiskt arv.<\/p>\n\n\n\n<h2 class=\"wp-block-heading\">25. Modern arkitektur<\/h2>\n\n\n\n<p>Malm\u00f6 har blivit k\u00e4nd f\u00f6r sin moderna arkitektur och innovativa stadsutveckling.<\/p>\n\n\n\n<h2 class=\"wp-block-heading\">26. Pildammsparken<\/h2>\n\n\n\n<p>En av Malm\u00f6s mest \u00e4lskade parker, Pildammsparken, erbjuder vackra vyer och avkoppling f\u00f6r stadens inv\u00e5nare.<\/p>\n\n\n\n<figure class=\"wp-block-image size-large\"><img loading=\"lazy\" decoding=\"async\" width=\"1024\" height=\"576\" src=\"https:\/\/media.senioridag.se\/2023\/07\/Stadspark-1024x576.png\" alt=\"Senioridag.se\" class=\"wp-image-437\" srcset=\"https:\/\/media.senioridag.se\/2023\/07\/Stadspark-1024x576.png 1024w, https:\/\/media.senioridag.se\/2023\/07\/Stadspark-300x169.png 300w, https:\/\/media.senioridag.se\/2023\/07\/Stadspark-768x432.png 768w, https:\/\/media.senioridag.se\/2023\/07\/Stadspark-18x10.png 18w, https:\/\/media.senioridag.se\/2023\/07\/Stadspark.png 1200w\" sizes=\"auto, (max-width: 1024px) 100vw, 1024px\" \/><\/figure>\n\n\n\n<h2 class=\"wp-block-heading\">27. Tekniska och sj\u00f6fartsmuseet<\/h2>\n\n\n\n<p>Museet ger en fascinerande inblick i Malm\u00f6s tekniska och maritima historia.<\/p>\n\n\n\n<h2 class=\"wp-block-heading\">28. Triangeln<\/h2>\n\n\n\n<p>Ett av Malm\u00f6s st\u00f6rsta k\u00f6pcentrum, Triangeln, \u00e4r ett popul\u00e4rt utflyktsm\u00e5l f\u00f6r shopping och mat.<\/p>\n\n\n\n<h2 class=\"wp-block-heading\">29. Multikulturalism<\/h2>\n\n\n\n<p>Malm\u00f6 \u00e4r k\u00e4nt f\u00f6r sin m\u00e5ngfald och multikulturella atmosf\u00e4r, vilket bidrar till stadens unika karakt\u00e4r.<\/p>\n\n\n\n<h2 class=\"wp-block-heading\">30. Malm\u00f6 Opera<\/h2>\n\n\n\n<p>Malm\u00f6 Opera erbjuder en bred repertoar av musik och teater och har blivit en kulturell symbol f\u00f6r staden.<\/p>\n\n\n\n<h2 class=\"wp-block-heading\">Malm\u00f6s historia<\/h2>\n\n\n\n<p>Efter Malm\u00f6s historia kanske du vill veta vad du kan se och\u00a0<a href=\"https:\/\/www.freedomtravel.se\/2022\/07\/gora-i-malmo\/\" target=\"_blank\" rel=\"noreferrer noopener\">g\u00f6ra i Malm\u00f6,<\/a>\u00a0eller s\u00e5 kanske du vill l\u00e4sa mer om <a href=\"https:\/\/senioridag.se\/en\/jonkopings-historia\/\">J\u00f6nk\u00f6pings historia<\/a><\/p>\n\n\n\n<figure class=\"wp-block-image size-large\"><img loading=\"lazy\" decoding=\"async\" width=\"1024\" height=\"576\" src=\"https:\/\/media.senioridag.se\/2023\/07\/Jonkoping-1024x576.png\" alt=\"Senioridag.se\" class=\"wp-image-441\" srcset=\"https:\/\/media.senioridag.se\/2023\/07\/Jonkoping-1024x576.png 1024w, https:\/\/media.senioridag.se\/2023\/07\/Jonkoping-300x169.png 300w, https:\/\/media.senioridag.se\/2023\/07\/Jonkoping-768x432.png 768w, https:\/\/media.senioridag.se\/2023\/07\/Jonkoping-18x10.png 18w, https:\/\/media.senioridag.se\/2023\/07\/Jonkoping.png 1200w\" sizes=\"auto, (max-width: 1024px) 100vw, 1024px\" \/><\/figure>","protected":false},"excerpt":{"rendered":"<p>Malm\u00f6s historia str\u00e4cker sig \u00f6ver 2000 \u00e5r tillbaka i tiden. Staden grundades som en gammal handelsplats och f\u00e4stning av danskarna p\u00e5 1200-talet. Under medeltiden var &hellip; <\/p>","protected":false},"author":1,"featured_media":436,"comment_status":"open","ping_status":"open","sticky":false,"template":"","format":"standard","meta":{"_uag_custom_page_level_css":"","footnotes":""},"categories":[4],"tags":[],"class_list":["post-392","post","type-post","status-publish","format-standard","has-post-thumbnail","hentry","category-sverige"],"yoast_head":"<!-- This site is optimized with the Yoast SEO plugin v27.5 - https:\/\/yoast.com\/product\/yoast-seo-wordpress\/ -->\n<title>Malm\u00f6s historia - 30 historiska fakta - Senior Idag<\/title>\n<meta name=\"description\" content=\"Malm\u00f6s historia har alltid varit en m\u00e5ngkulturell stad i s\u00f6dra Sverige, bel\u00e4gen vid \u00d6resund och n\u00e4ra Danmark.\" \/>\n<meta name=\"robots\" content=\"index, follow, max-snippet:-1, max-image-preview:large, max-video-preview:-1\" \/>\n<link rel=\"canonical\" href=\"https:\/\/senioridag.se\/en\/malmos-historia\/\" \/>\n<meta property=\"og:locale\" content=\"en_GB\" \/>\n<meta property=\"og:type\" content=\"article\" \/>\n<meta property=\"og:title\" content=\"Malm\u00f6s historia - 30 historiska fakta - Senior Idag\" \/>\n<meta property=\"og:description\" content=\"Malm\u00f6s historia har alltid varit en m\u00e5ngkulturell stad i s\u00f6dra Sverige, bel\u00e4gen vid \u00d6resund och n\u00e4ra Danmark.\" \/>\n<meta property=\"og:url\" content=\"https:\/\/senioridag.se\/en\/malmos-historia\/\" \/>\n<meta property=\"og:site_name\" content=\"Senior Idag\" \/>\n<meta property=\"article:published_time\" content=\"2023-07-21T17:46:47+00:00\" \/>\n<meta property=\"article:modified_time\" content=\"2023-07-21T18:00:28+00:00\" \/>\n<meta property=\"og:image\" content=\"https:\/\/media.senioridag.se\/2023\/07\/Malmo.png\" \/>\n\t<meta property=\"og:image:width\" content=\"1200\" \/>\n\t<meta property=\"og:image:height\" content=\"675\" \/>\n\t<meta property=\"og:image:type\" content=\"image\/png\" \/>\n<meta name=\"author\" content=\"Admin\" \/>\n<meta name=\"twitter:card\" content=\"summary_large_image\" \/>\n<meta name=\"twitter:label1\" content=\"Written by\" \/>\n\t<meta name=\"twitter:data1\" content=\"Admin\" \/>\n\t<meta name=\"twitter:label2\" content=\"Estimated reading time\" \/>\n\t<meta name=\"twitter:data2\" content=\"5 minutes\" \/>\n<script type=\"application\/ld+json\" class=\"yoast-schema-graph\">{\"@context\":\"https:\\\/\\\/schema.org\",\"@graph\":[{\"@type\":\"Article\",\"@id\":\"https:\\\/\\\/senioridag.se\\\/malmos-historia\\\/#article\",\"isPartOf\":{\"@id\":\"https:\\\/\\\/senioridag.se\\\/malmos-historia\\\/\"},\"author\":{\"name\":\"Admin\",\"@id\":\"http:\\\/\\\/senioridag.se\\\/sv_se\\\/#\\\/schema\\\/person\\\/0b62aa4624690f35cfe1b8d94577c866\"},\"headline\":\"Malm\u00f6s historia &#8211; 30 historiska fakta\",\"datePublished\":\"2023-07-21T17:46:47+00:00\",\"dateModified\":\"2023-07-21T18:00:28+00:00\",\"mainEntityOfPage\":{\"@id\":\"https:\\\/\\\/senioridag.se\\\/malmos-historia\\\/\"},\"wordCount\":732,\"commentCount\":0,\"publisher\":{\"@id\":\"http:\\\/\\\/senioridag.se\\\/sv_se\\\/#organization\"},\"image\":{\"@id\":\"https:\\\/\\\/senioridag.se\\\/malmos-historia\\\/#primaryimage\"},\"thumbnailUrl\":\"https:\\\/\\\/media.senioridag.se\\\/2023\\\/07\\\/Malmo.png\",\"articleSection\":[\"Sverige\"],\"inLanguage\":\"en-GB\",\"potentialAction\":[{\"@type\":\"CommentAction\",\"name\":\"Comment\",\"target\":[\"https:\\\/\\\/senioridag.se\\\/malmos-historia\\\/#respond\"]}]},{\"@type\":\"WebPage\",\"@id\":\"https:\\\/\\\/senioridag.se\\\/malmos-historia\\\/\",\"url\":\"https:\\\/\\\/senioridag.se\\\/malmos-historia\\\/\",\"name\":\"Malm\u00f6s historia - 30 historiska fakta - Senior Idag\",\"isPartOf\":{\"@id\":\"http:\\\/\\\/senioridag.se\\\/sv_se\\\/#website\"},\"primaryImageOfPage\":{\"@id\":\"https:\\\/\\\/senioridag.se\\\/malmos-historia\\\/#primaryimage\"},\"image\":{\"@id\":\"https:\\\/\\\/senioridag.se\\\/malmos-historia\\\/#primaryimage\"},\"thumbnailUrl\":\"https:\\\/\\\/media.senioridag.se\\\/2023\\\/07\\\/Malmo.png\",\"datePublished\":\"2023-07-21T17:46:47+00:00\",\"dateModified\":\"2023-07-21T18:00:28+00:00\",\"description\":\"Malm\u00f6s historia har alltid varit en m\u00e5ngkulturell stad i s\u00f6dra Sverige, bel\u00e4gen vid \u00d6resund och n\u00e4ra Danmark.\",\"breadcrumb\":{\"@id\":\"https:\\\/\\\/senioridag.se\\\/malmos-historia\\\/#breadcrumb\"},\"inLanguage\":\"en-GB\",\"potentialAction\":[{\"@type\":\"ReadAction\",\"target\":[\"https:\\\/\\\/senioridag.se\\\/malmos-historia\\\/\"]}]},{\"@type\":\"ImageObject\",\"inLanguage\":\"en-GB\",\"@id\":\"https:\\\/\\\/senioridag.se\\\/malmos-historia\\\/#primaryimage\",\"url\":\"https:\\\/\\\/media.senioridag.se\\\/2023\\\/07\\\/Malmo.png\",\"contentUrl\":\"https:\\\/\\\/media.senioridag.se\\\/2023\\\/07\\\/Malmo.png\",\"width\":1200,\"height\":675},{\"@type\":\"BreadcrumbList\",\"@id\":\"https:\\\/\\\/senioridag.se\\\/malmos-historia\\\/#breadcrumb\",\"itemListElement\":[{\"@type\":\"ListItem\",\"position\":1,\"name\":\"Hem\",\"item\":\"http:\\\/\\\/senioridag.se\\\/sv_se\\\/\"},{\"@type\":\"ListItem\",\"position\":2,\"name\":\"Malm\u00f6s historia &#8211; 30 historiska fakta\"}]},{\"@type\":\"WebSite\",\"@id\":\"http:\\\/\\\/senioridag.se\\\/sv_se\\\/#website\",\"url\":\"http:\\\/\\\/senioridag.se\\\/sv_se\\\/\",\"name\":\"Senior Idag\",\"description\":\"\",\"publisher\":{\"@id\":\"http:\\\/\\\/senioridag.se\\\/sv_se\\\/#organization\"},\"potentialAction\":[{\"@type\":\"SearchAction\",\"target\":{\"@type\":\"EntryPoint\",\"urlTemplate\":\"http:\\\/\\\/senioridag.se\\\/sv_se\\\/?s={search_term_string}\"},\"query-input\":{\"@type\":\"PropertyValueSpecification\",\"valueRequired\":true,\"valueName\":\"search_term_string\"}}],\"inLanguage\":\"en-GB\"},{\"@type\":\"Organization\",\"@id\":\"http:\\\/\\\/senioridag.se\\\/sv_se\\\/#organization\",\"name\":\"Senior Idag\",\"url\":\"http:\\\/\\\/senioridag.se\\\/sv_se\\\/\",\"logo\":{\"@type\":\"ImageObject\",\"inLanguage\":\"en-GB\",\"@id\":\"http:\\\/\\\/senioridag.se\\\/sv_se\\\/#\\\/schema\\\/logo\\\/image\\\/\",\"url\":\"https:\\\/\\\/media.senioridag.se\\\/2020\\\/12\\\/cropped-I-6.png\",\"contentUrl\":\"https:\\\/\\\/media.senioridag.se\\\/2020\\\/12\\\/cropped-I-6.png\",\"width\":600,\"height\":600,\"caption\":\"Senior Idag\"},\"image\":{\"@id\":\"http:\\\/\\\/senioridag.se\\\/sv_se\\\/#\\\/schema\\\/logo\\\/image\\\/\"}},{\"@type\":\"Person\",\"@id\":\"http:\\\/\\\/senioridag.se\\\/sv_se\\\/#\\\/schema\\\/person\\\/0b62aa4624690f35cfe1b8d94577c866\",\"name\":\"Admin\",\"image\":{\"@type\":\"ImageObject\",\"inLanguage\":\"en-GB\",\"@id\":\"https:\\\/\\\/secure.gravatar.com\\\/avatar\\\/691c9308cc660d04c7862e80cbaadc7cd33af93df2c74a13be07c53be8778195?s=96&d=mm&r=g\",\"url\":\"https:\\\/\\\/secure.gravatar.com\\\/avatar\\\/691c9308cc660d04c7862e80cbaadc7cd33af93df2c74a13be07c53be8778195?s=96&d=mm&r=g\",\"contentUrl\":\"https:\\\/\\\/secure.gravatar.com\\\/avatar\\\/691c9308cc660d04c7862e80cbaadc7cd33af93df2c74a13be07c53be8778195?s=96&d=mm&r=g\",\"caption\":\"Admin\"},\"sameAs\":[\"https:\\\/\\\/senioridag.se\"],\"url\":\"https:\\\/\\\/senioridag.se\\\/en\\\/author\\\/peter\\\/\"}]}<\/script>\n<!-- \/ Yoast SEO plugin. -->","yoast_head_json":{"title":"Malm\u00f6s historia - 30 historiska fakta - Senior Idag","description":"Malm\u00f6s historia har alltid varit en m\u00e5ngkulturell stad i s\u00f6dra Sverige, bel\u00e4gen vid \u00d6resund och n\u00e4ra Danmark.","robots":{"index":"index","follow":"follow","max-snippet":"max-snippet:-1","max-image-preview":"max-image-preview:large","max-video-preview":"max-video-preview:-1"},"canonical":"https:\/\/senioridag.se\/en\/malmos-historia\/","og_locale":"en_GB","og_type":"article","og_title":"Malm\u00f6s historia - 30 historiska fakta - Senior Idag","og_description":"Malm\u00f6s historia har alltid varit en m\u00e5ngkulturell stad i s\u00f6dra Sverige, bel\u00e4gen vid \u00d6resund och n\u00e4ra Danmark.","og_url":"https:\/\/senioridag.se\/en\/malmos-historia\/","og_site_name":"Senior Idag","article_published_time":"2023-07-21T17:46:47+00:00","article_modified_time":"2023-07-21T18:00:28+00:00","og_image":[{"width":1200,"height":675,"url":"https:\/\/media.senioridag.se\/2023\/07\/Malmo.png","type":"image\/png"}],"author":"Admin","twitter_card":"summary_large_image","twitter_misc":{"Written by":"Admin","Estimated reading time":"5 minutes"},"schema":{"@context":"https:\/\/schema.org","@graph":[{"@type":"Article","@id":"https:\/\/senioridag.se\/malmos-historia\/#article","isPartOf":{"@id":"https:\/\/senioridag.se\/malmos-historia\/"},"author":{"name":"Admin","@id":"http:\/\/senioridag.se\/sv_se\/#\/schema\/person\/0b62aa4624690f35cfe1b8d94577c866"},"headline":"Malm\u00f6s historia &#8211; 30 historiska fakta","datePublished":"2023-07-21T17:46:47+00:00","dateModified":"2023-07-21T18:00:28+00:00","mainEntityOfPage":{"@id":"https:\/\/senioridag.se\/malmos-historia\/"},"wordCount":732,"commentCount":0,"publisher":{"@id":"http:\/\/senioridag.se\/sv_se\/#organization"},"image":{"@id":"https:\/\/senioridag.se\/malmos-historia\/#primaryimage"},"thumbnailUrl":"https:\/\/media.senioridag.se\/2023\/07\/Malmo.png","articleSection":["Sverige"],"inLanguage":"en-GB","potentialAction":[{"@type":"CommentAction","name":"Comment","target":["https:\/\/senioridag.se\/malmos-historia\/#respond"]}]},{"@type":"WebPage","@id":"https:\/\/senioridag.se\/malmos-historia\/","url":"https:\/\/senioridag.se\/malmos-historia\/","name":"Malm\u00f6s historia - 30 historiska fakta - Senior Idag","isPartOf":{"@id":"http:\/\/senioridag.se\/sv_se\/#website"},"primaryImageOfPage":{"@id":"https:\/\/senioridag.se\/malmos-historia\/#primaryimage"},"image":{"@id":"https:\/\/senioridag.se\/malmos-historia\/#primaryimage"},"thumbnailUrl":"https:\/\/media.senioridag.se\/2023\/07\/Malmo.png","datePublished":"2023-07-21T17:46:47+00:00","dateModified":"2023-07-21T18:00:28+00:00","description":"Malm\u00f6s historia har alltid varit en m\u00e5ngkulturell stad i s\u00f6dra Sverige, bel\u00e4gen vid \u00d6resund och n\u00e4ra Danmark.","breadcrumb":{"@id":"https:\/\/senioridag.se\/malmos-historia\/#breadcrumb"},"inLanguage":"en-GB","potentialAction":[{"@type":"ReadAction","target":["https:\/\/senioridag.se\/malmos-historia\/"]}]},{"@type":"ImageObject","inLanguage":"en-GB","@id":"https:\/\/senioridag.se\/malmos-historia\/#primaryimage","url":"https:\/\/media.senioridag.se\/2023\/07\/Malmo.png","contentUrl":"https:\/\/media.senioridag.se\/2023\/07\/Malmo.png","width":1200,"height":675},{"@type":"BreadcrumbList","@id":"https:\/\/senioridag.se\/malmos-historia\/#breadcrumb","itemListElement":[{"@type":"ListItem","position":1,"name":"Hem","item":"http:\/\/senioridag.se\/sv_se\/"},{"@type":"ListItem","position":2,"name":"Malm\u00f6s historia &#8211; 30 historiska fakta"}]},{"@type":"WebSite","@id":"http:\/\/senioridag.se\/sv_se\/#website","url":"http:\/\/senioridag.se\/sv_se\/","name":"Senior Idag","description":"","publisher":{"@id":"http:\/\/senioridag.se\/sv_se\/#organization"},"potentialAction":[{"@type":"SearchAction","target":{"@type":"EntryPoint","urlTemplate":"http:\/\/senioridag.se\/sv_se\/?s={search_term_string}"},"query-input":{"@type":"PropertyValueSpecification","valueRequired":true,"valueName":"search_term_string"}}],"inLanguage":"en-GB"},{"@type":"Organization","@id":"http:\/\/senioridag.se\/sv_se\/#organization","name":"Senior Idag","url":"http:\/\/senioridag.se\/sv_se\/","logo":{"@type":"ImageObject","inLanguage":"en-GB","@id":"http:\/\/senioridag.se\/sv_se\/#\/schema\/logo\/image\/","url":"https:\/\/media.senioridag.se\/2020\/12\/cropped-I-6.png","contentUrl":"https:\/\/media.senioridag.se\/2020\/12\/cropped-I-6.png","width":600,"height":600,"caption":"Senior Idag"},"image":{"@id":"http:\/\/senioridag.se\/sv_se\/#\/schema\/logo\/image\/"}},{"@type":"Person","@id":"http:\/\/senioridag.se\/sv_se\/#\/schema\/person\/0b62aa4624690f35cfe1b8d94577c866","name":"Admin","image":{"@type":"ImageObject","inLanguage":"en-GB","@id":"https:\/\/secure.gravatar.com\/avatar\/691c9308cc660d04c7862e80cbaadc7cd33af93df2c74a13be07c53be8778195?s=96&d=mm&r=g","url":"https:\/\/secure.gravatar.com\/avatar\/691c9308cc660d04c7862e80cbaadc7cd33af93df2c74a13be07c53be8778195?s=96&d=mm&r=g","contentUrl":"https:\/\/secure.gravatar.com\/avatar\/691c9308cc660d04c7862e80cbaadc7cd33af93df2c74a13be07c53be8778195?s=96&d=mm&r=g","caption":"Admin"},"sameAs":["https:\/\/senioridag.se"],"url":"https:\/\/senioridag.se\/en\/author\/peter\/"}]}},"uagb_featured_image_src":{"full":["https:\/\/media.senioridag.se\/2023\/07\/Malmo.png",1200,675,false],"thumbnail":["https:\/\/media.senioridag.se\/2023\/07\/Malmo-150x150.png",150,150,true],"medium":["https:\/\/media.senioridag.se\/2023\/07\/Malmo-300x169.png",300,169,true],"medium_large":["https:\/\/media.senioridag.se\/2023\/07\/Malmo-768x432.png",768,432,true],"large":["https:\/\/media.senioridag.se\/2023\/07\/Malmo-1024x576.png",770,433,true],"post-slider-thumb-size":["https:\/\/media.senioridag.se\/2023\/07\/Malmo-330x190.png",330,190,true],"post-category-slider-size":["https:\/\/media.senioridag.se\/2023\/07\/Malmo-330x350.png",330,350,true],"1536x1536":["https:\/\/media.senioridag.se\/2023\/07\/Malmo.png",1200,675,false],"2048x2048":["https:\/\/media.senioridag.se\/2023\/07\/Malmo.png",1200,675,false],"trp-custom-language-flag":["https:\/\/media.senioridag.se\/2023\/07\/Malmo-18x10.png",18,10,true],"vandana-lite-slider":["https:\/\/media.senioridag.se\/2023\/07\/Malmo-580x675.png",580,675,true],"vandana-lite-about":["https:\/\/media.senioridag.se\/2023\/07\/Malmo-500x675.png",500,675,true],"vandana-lite-service":["https:\/\/media.senioridag.se\/2023\/07\/Malmo-562x364.png",562,364,true],"vandana-lite-blog-sec":["https:\/\/media.senioridag.se\/2023\/07\/Malmo-570x333.png",570,333,true],"vandana-lite-blog":["https:\/\/media.senioridag.se\/2023\/07\/Malmo-770x450.png",770,450,true],"vandana-lite-blog-full":["https:\/\/media.senioridag.se\/2023\/07\/Malmo-1170x600.png",1170,600,true],"vandana-lite-blog-list":["https:\/\/media.senioridag.se\/2023\/07\/Malmo-280x300.png",280,300,true],"vandana-lite-blog-grid":["https:\/\/media.senioridag.se\/2023\/07\/Malmo-370x300.png",370,300,true]},"uagb_author_info":{"display_name":"Admin","author_link":"https:\/\/senioridag.se\/en\/author\/peter\/"},"uagb_comment_info":1,"uagb_excerpt":"Malm\u00f6s historia str\u00e4cker sig \u00f6ver 2000 \u00e5r tillbaka i tiden. Staden grundades som en gammal handelsplats och f\u00e4stning av danskarna p\u00e5 1200-talet. Under medeltiden var &hellip;","_links":{"self":[{"href":"https:\/\/senioridag.se\/en\/wp-json\/wp\/v2\/posts\/392","targetHints":{"allow":["GET"]}}],"collection":[{"href":"https:\/\/senioridag.se\/en\/wp-json\/wp\/v2\/posts"}],"about":[{"href":"https:\/\/senioridag.se\/en\/wp-json\/wp\/v2\/types\/post"}],"author":[{"embeddable":true,"href":"https:\/\/senioridag.se\/en\/wp-json\/wp\/v2\/users\/1"}],"replies":[{"embeddable":true,"href":"https:\/\/senioridag.se\/en\/wp-json\/wp\/v2\/comments?post=392"}],"version-history":[{"count":7,"href":"https:\/\/senioridag.se\/en\/wp-json\/wp\/v2\/posts\/392\/revisions"}],"predecessor-version":[{"id":450,"href":"https:\/\/senioridag.se\/en\/wp-json\/wp\/v2\/posts\/392\/revisions\/450"}],"wp:featuredmedia":[{"embeddable":true,"href":"https:\/\/senioridag.se\/en\/wp-json\/wp\/v2\/media\/436"}],"wp:attachment":[{"href":"https:\/\/senioridag.se\/en\/wp-json\/wp\/v2\/media?parent=392"}],"wp:term":[{"taxonomy":"category","embeddable":true,"href":"https:\/\/senioridag.se\/en\/wp-json\/wp\/v2\/categories?post=392"},{"taxonomy":"post_tag","embeddable":true,"href":"https:\/\/senioridag.se\/en\/wp-json\/wp\/v2\/tags?post=392"}],"curies":[{"name":"wp","href":"https:\/\/api.w.org\/{rel}","templated":true}]}}